{"id":576045,"date":"2025-12-03T20:00:25","date_gmt":"2025-12-03T20:00:25","guid":{"rendered":"https:\/\/www.europesays.com\/fr\/576045\/"},"modified":"2025-12-03T20:00:25","modified_gmt":"2025-12-03T20:00:25","slug":"lorsque-poutine-fait-cette-declaration-il-se-garde-bien-de-dire-quelle-a-deja-commence","status":"publish","type":"post","link":"https:\/\/www.europesays.com\/fr\/576045\/","title":{"rendered":"\u00abLorsque Poutine fait cette d\u00e9claration, il se garde bien de dire qu\u2019elle a d\u00e9j\u00e0 commenc\u00e9\u00bb"},"content":{"rendered":"<p>\n    <strong>ENTRETIEN <\/strong>&#8211; \u00abSi l\u2019Europe le souhaite et commence, nous sommes pr\u00eats d\u00e8s maintenant\u00bb, a d\u00e9clar\u00e9 ce mardi le pr\u00e9sident russe. Mais, dans la culture russe, un conflit ne n\u00e9cessite pas de recourir aux moyens militaires, analyse le chercheur Dimitri Minic.<\/p>\n<p class=\"fig-paragraph\">Docteur en histoire des relations internationales (Sorbonne Universit\u00e9s), Dimitri Minic est chercheur au Centre Russie\/NEI de l\u2019Institut fran\u00e7ais des relations internationales (IFRI). Sp\u00e9cialiste de la culture politico-strat\u00e9gique russe, il a publi\u00e9 aux \u00e9ditions de la Maison des sciences de l\u2019homme\u00a0<a href=\"http:\/\/www.editions-msh.fr\/livre\/?GCOI=27351100361080&amp;fa=description\" target=\"_blank\" rel=\"sponsored noopener\" data-gtm-custom-categorie=\"navigation\" data-gtm-custom-action=\"crossclick\" data-gtm-custom-label=\"Contextuel\" data-gtm-event=\"customEventSPE\">Pens\u00e9e et culture strat\u00e9giques russes, du contournement de la lutte arm\u00e9e \u00e0 la guerre en Ukraine<\/a>, un ouvrage issu de sa th\u00e8se. Celui-ci sera publi\u00e9 en poche dans la collection Tempus de Perrin.<\/p>\n<p class=\"fig-paragraph\"><strong>Vladimir Poutine a d\u00e9clar\u00e9 hier n\u2019avoir\u00a0<\/strong><a href=\"http:\/\/www.lefigaro.fr\/international\/le-non-mais-de-vladimir-poutine-a-la-paix-americaine-20251203\" target=\"_blank\" data-fig-type=\"Article\" rel=\"noopener\" data-gtm-custom-categorie=\"navigation\" data-gtm-custom-action=\"crossclick\" data-gtm-custom-label=\"Contextuel\" data-gtm-event=\"customEventSPE\" data-fig-domain=\"LEFIGARO\"><strong>\u00abpas l\u2019intention de faire la guerre \u00e0 l\u2019Europe\u00bb<\/strong> <\/a><strong>. <\/strong><strong>\u00abSi l\u2019Europe le souhaite et commence, nous sommes pr\u00eats d\u00e8s maintenant\u00bb<\/strong> <strong>, a-t-il pr\u00e9cis\u00e9. Or, dans votre ouvrage, vous rappelez que la Russie pourrait ne pas<\/strong> <strong>n\u00e9cessairement<\/strong> <strong>envahir l\u2019Europe car elle pr\u00e9f\u00e8re <\/strong><strong>\u00able contournement de la lutte arm\u00e9e\u00bb<\/strong> <strong>. Qu\u2019entendez-vous par l\u00e0\u00a0?<\/strong><\/p>\n<p class=\"fig-paragraph\">Il s\u2019agit d\u2019une th\u00e9orisation n\u00e9e dans l\u2019arm\u00e9e russe au d\u00e9but des ann\u00e9es 1990, dont les id\u00e9es ont \u00e9t\u00e9 progressivement refl\u00e9t\u00e9es dans les doctrines\u2026<\/p>\n<p class=\"fig-premium-paywall__infos\">\n        Cet article est r\u00e9serv\u00e9 aux abonn\u00e9s.        Il vous reste 91% \u00e0 d\u00e9couvrir.\n    <\/p>\n<p>                <img  data- alt=\"Le Figaro\" class=\"fig-img--complete fig-img\"\/><\/p>\n<p class=\"fig-premium-paywall__title\">Vous avez envie de lire la suite ?<\/p>\n<p class=\"fig-premium-paywall__subtitle\">D\u00e9bloquez tous les articles imm\u00e9diatement.<\/p>\n<p class=\"fig-premium-paywall__connect\">\n                D\u00e9j\u00e0 abonn\u00e9\u00a0?                <a class=\"fig-premium-paywall__connect-link\" href=\"https:\/\/connect.lefigaro.fr\/login?client=horizon_web&amp;type=main&amp;redirect_uri=https%3A%2F%2Fwww.lefigaro.fr%2Finternational%2Fguerre-avec-l-europe-lorsque-poutine-fait-cette-declaration-il-se-garde-bien-de-dire-qu-elle-a-deja-commence-20251203\" data-js-gtm=\"{&quot;customCategorie&quot;: &quot;conversion&quot;, &quot;customAction&quot;: &quot;before_Landing_Connexion_paywall_auto&quot;, &quot;customLabel&quot;: &quot;bGVmaWdhcm8uZnJfXzFmMGQwNjA4LWRlMzEtNmIzMi04NjFjLWViODg2OWM2YmE2Yl9fQXJ0aWNsZQ==_\u00abGuerre avec l\u2019Europe\u00bb\u00a0: \u00abLorsque Poutine fait cette d\u00e9claration, il se garde bien de dire qu\u2019elle a d\u00e9j\u00e0 commenc\u00e9\u00bb_141&quot;, &quot;customIDSPE&quot;: &quot;bGVmaWdhcm8uZnJfXzFmMGQwNjA4LWRlMzEtNmIzMi04NjFjLWViODg2OWM2YmE2Yl9fQXJ0aWNsZQ==&quot;, &quot;event&quot;: &quot;customEventSPE&quot;}\" target=\"_blank\" rel=\"noopener\"><br \/>\n                    Connectez-vous<br \/>\n                <\/a>\n            <\/p>\n","protected":false},"excerpt":{"rendered":"ENTRETIEN &#8211; \u00abSi l\u2019Europe le souhaite et commence, nous sommes pr\u00eats d\u00e8s maintenant\u00bb, a d\u00e9clar\u00e9 ce mardi le&hellip;\n","protected":false},"author":2,"featured_media":576046,"comment_status":"","ping_status":"","sticky":false,"template":"","format":"standard","meta":{"footnotes":""},"categories":[5],"tags":[11,1011,27,14,12,135,28],"class_list":{"0":"post-576045","1":"post","2":"type-post","3":"status-publish","4":"format-standard","5":"has-post-thumbnail","7":"category-international","8":"tag-actualites","9":"tag-fr","10":"tag-france","11":"tag-international","12":"tag-news","13":"tag-vladimir-poutine","14":"tag-world"},"share_on_mastodon":{"url":"https:\/\/pubeurope.com\/@fr\/115657416591232087","error":""},"_links":{"self":[{"href":"https:\/\/www.europesays.com\/fr\/wp-json\/wp\/v2\/posts\/576045","targetHints":{"allow":["GET"]}}],"collection":[{"href":"https:\/\/www.europesays.com\/fr\/wp-json\/wp\/v2\/posts"}],"about":[{"href":"https:\/\/www.europesays.com\/fr\/wp-json\/wp\/v2\/types\/post"}],"author":[{"embeddable":true,"href":"https:\/\/www.europesays.com\/fr\/wp-json\/wp\/v2\/users\/2"}],"replies":[{"embeddable":true,"href":"https:\/\/www.europesays.com\/fr\/wp-json\/wp\/v2\/comments?post=576045"}],"version-history":[{"count":0,"href":"https:\/\/www.europesays.com\/fr\/wp-json\/wp\/v2\/posts\/576045\/revisions"}],"wp:featuredmedia":[{"embeddable":true,"href":"https:\/\/www.europesays.com\/fr\/wp-json\/wp\/v2\/media\/576046"}],"wp:attachment":[{"href":"https:\/\/www.europesays.com\/fr\/wp-json\/wp\/v2\/media?parent=576045"}],"wp:term":[{"taxonomy":"category","embeddable":true,"href":"https:\/\/www.europesays.com\/fr\/wp-json\/wp\/v2\/categories?post=576045"},{"taxonomy":"post_tag","embeddable":true,"href":"https:\/\/www.europesays.com\/fr\/wp-json\/wp\/v2\/tags?post=576045"}],"curies":[{"name":"wp","href":"https:\/\/api.w.org\/{rel}","templated":true}]}}