{"id":576058,"date":"2025-12-03T20:09:11","date_gmt":"2025-12-03T20:09:11","guid":{"rendered":"https:\/\/www.europesays.com\/fr\/576058\/"},"modified":"2025-12-03T20:09:11","modified_gmt":"2025-12-03T20:09:11","slug":"le-festival-alt-revient-samedi-au-centre-tisot-a-la-seyne","status":"publish","type":"post","link":"https:\/\/www.europesays.com\/fr\/576058\/","title":{"rendered":"Le Festival ALT. revient samedi au centre Tisot \u00e0 La Seyne"},"content":{"rendered":"<p class=\"fs-5 \">Apr\u00e8s une premi\u00e8re \u00e9dition en 2024, le Festival ALT. revient ce samedi 6 d\u00e9cembre au centre culturel Tisot. Organis\u00e9 par Radio Active, \u00ab la radio associative libre et ind\u00e9pendante de l\u2019aire toulonnaise \u00bb, en partenariat avec l\u2019association Aix\u2019Qui, cet \u00e9v\u00e9nement est un des rendez-vous incontournables de la sc\u00e8ne musicale alternative.<\/p>\n<p class=\"fs-5 \">\u00ab Notre ambition est de mettre en valeur des artistes \u00e9mergents aux univers audacieux et singuliers en proposant une soir\u00e9e enti\u00e8rement consacr\u00e9e \u00e0 la diversit\u00e9 musicale, explique Marc Perrot, salari\u00e9 et en charge de la communication chez Radio Active. L\u2019\u00e9v\u00e9nement est aussi un moment de rencontre et de partage pour les habitants de la r\u00e9gion. Le public est invit\u00e9 \u00e0 vivre une soir\u00e9e festive o\u00f9 d\u00e9couvertes, convivialit\u00e9 et esprit ind\u00e9pendant se m\u00ealent. \u00bb<\/p>\n<p class=\"fs-5 \">Pour le choix du nom, l\u2019organisation explique qu\u2019il repr\u00e9sente l\u2019esprit m\u00eame du festival : \u00ab A comme Active et Aix\u2019Qui, les deux structures organisatrices ; L comme Live, parce que l\u2019\u00e9nergie de la sc\u00e8ne est au c\u0153ur du projet ; T comme Tisot, le lieu qui accueille cette aventure artistique. \u00bb Mais ALT. symbolise aussi un \u00e9tat d\u2019esprit puisque c\u2019est \u00ab un hommage aux artistes qui sortent des circuits habituels, un appel \u00e0 s\u2019arr\u00eater et \u00e0 d\u00e9couvrir ainsi qu\u2019une ouverture \u00e0 la cr\u00e9ativit\u00e9 \u00bb.<\/p>\n<p>                                                                                Un soutien \u00ab pour assurer la p\u00e9rennit\u00e9 de Radio Active \u00bb<\/p>\n<p class=\"fs-5 \">Dans un contexte de baisse des subventions publiques, l\u2019organisation du festival est devenue \u00ab une n\u00e9cessit\u00e9 pour assurer la p\u00e9rennit\u00e9 de Radio Active \u00bb, indique-t-on du c\u00f4t\u00e9 de la structure. Les b\u00e9n\u00e9fices, dont une partie est revers\u00e9e aux artistes, contribueront \u00e0 participer au fonctionnement de cette radio associative n\u00e9e en 1989. Diffus\u00e9e sur le 100 FM et en ligne non-stop, elle rassemble pr\u00e8s de 100 b\u00e9n\u00e9voles et un salari\u00e9. Sans publicit\u00e9 et totalement ind\u00e9pendante, elle propose \u00ab plus de soixante \u00e9missions th\u00e9matiques et d\u00e9fend une programmation musicale en dehors des circuits commerciaux \u00bb.<\/p>\n<p class=\"fs-5 \">Engag\u00e9e aupr\u00e8s de nombreux acteurs locaux, Radio Active porte des valeurs de \u00ab libert\u00e9 d\u2019expression, protection de l\u2019environnement, \u00e9galit\u00e9 des droits, soutien aux jeunes artistes \u00bb ou encore mise en avant de la culture locale.<\/p>\n<p class=\"fs-5 \">\u00c0 l\u2019occasion de cette soir\u00e9e les spectateurs auront acc\u00e8s \u00e0 cinq concerts (1), proposant chacun un v\u00e9ritable set, pour 12 euros. Une occasion \u00e0 ne pas manquer pour passer un moment fort entre amis, tout en apportant son soutien \u00e0 une radio qui d\u00e9fend la culture ind\u00e9pendante depuis plus de 35 ans. \u00ab Et pour nous, c\u2019est l\u2019opportunit\u00e9 de passer un moment avec nos auditeurs. Un plateau radio en direct sera tourn\u00e9 depuis le festival. \u00bb L\u2019an dernier, l\u2019\u00e9v\u00e9nement avait attir\u00e9 entre 250 et 300 personnes.<\/p>\n<p class=\"fs-5 \">1. Les groupes programm\u00e9s sont les suivants : Anemo\u00efa (indie-folk), Le Bien (pop rat\u00e9e), clarence (shoegaze\/ dream-pop), Myuktoria (ethereal\/ witch-pop), Crache (rock\u2019n\u2019roll absolu).<\/p>\n<p class=\"fs-5 \">&gt;Pratique Le 6 d\u00e9cembre au centre culturel Tisot, d\u00e8s 18 h. 12 euros.<\/p>\n","protected":false},"excerpt":{"rendered":"Apr\u00e8s une premi\u00e8re \u00e9dition en 2024, le Festival ALT. revient ce samedi 6 d\u00e9cembre au centre culturel Tisot.&hellip;\n","protected":false},"author":2,"featured_media":576059,"comment_status":"","ping_status":"","sticky":false,"template":"","format":"standard","meta":{"footnotes":""},"categories":[9619],"tags":[1111,11,1777,674,1011,27,12,882,25,2310],"class_list":{"0":"post-576058","1":"post","2":"type-post","3":"status-publish","4":"format-standard","5":"has-post-thumbnail","7":"category-toulon","8":"tag-actu","9":"tag-actualites","10":"tag-eu","11":"tag-europe","12":"tag-fr","13":"tag-france","14":"tag-news","15":"tag-provence-alpes-cote-dazur","16":"tag-republique-francaise","17":"tag-toulon"},"share_on_mastodon":{"url":"https:\/\/pubeurope.com\/@fr\/115657452091351548","error":""},"_links":{"self":[{"href":"https:\/\/www.europesays.com\/fr\/wp-json\/wp\/v2\/posts\/576058","targetHints":{"allow":["GET"]}}],"collection":[{"href":"https:\/\/www.europesays.com\/fr\/wp-json\/wp\/v2\/posts"}],"about":[{"href":"https:\/\/www.europesays.com\/fr\/wp-json\/wp\/v2\/types\/post"}],"author":[{"embeddable":true,"href":"https:\/\/www.europesays.com\/fr\/wp-json\/wp\/v2\/users\/2"}],"replies":[{"embeddable":true,"href":"https:\/\/www.europesays.com\/fr\/wp-json\/wp\/v2\/comments?post=576058"}],"version-history":[{"count":0,"href":"https:\/\/www.europesays.com\/fr\/wp-json\/wp\/v2\/posts\/576058\/revisions"}],"wp:featuredmedia":[{"embeddable":true,"href":"https:\/\/www.europesays.com\/fr\/wp-json\/wp\/v2\/media\/576059"}],"wp:attachment":[{"href":"https:\/\/www.europesays.com\/fr\/wp-json\/wp\/v2\/media?parent=576058"}],"wp:term":[{"taxonomy":"category","embeddable":true,"href":"https:\/\/www.europesays.com\/fr\/wp-json\/wp\/v2\/categories?post=576058"},{"taxonomy":"post_tag","embeddable":true,"href":"https:\/\/www.europesays.com\/fr\/wp-json\/wp\/v2\/tags?post=576058"}],"curies":[{"name":"wp","href":"https:\/\/api.w.org\/{rel}","templated":true}]}}