{"id":576060,"date":"2025-12-03T20:10:25","date_gmt":"2025-12-03T20:10:25","guid":{"rendered":"https:\/\/www.europesays.com\/fr\/576060\/"},"modified":"2025-12-03T20:10:25","modified_gmt":"2025-12-03T20:10:25","slug":"cest-le-debut-des-travaux-du-bhns-de-la-metropole-toulonnaise","status":"publish","type":"post","link":"https:\/\/www.europesays.com\/fr\/576060\/","title":{"rendered":"C\u2019est le d\u00e9but des travaux du BHNS de la m\u00e9tropole toulonnaise"},"content":{"rendered":"<p><img loading=\"lazy\" decoding=\"async\" alt=\"\u00a9 D. R. - Le futur mur de sout\u00e8nement, de 200 m\u00e8tres de long, est construit pour \u00e9largir les voies.\" data-zoom-src=\"https:\/\/www.europesays.com\/fr\/wp-content\/uploads\/2025\/12\/initial-mur-soutenement-bhns.jpg\" data-zoomable=\"\" height=\"702\" src=\"https:\/\/www.europesays.com\/fr\/wp-content\/uploads\/2025\/12\/initial-mur-soutenement-bhns.jpg\" width=\"1248\"\/>  <\/p>\n<p class=\"article-desc\">\u00a9 D. R. &#8211; Le futur mur de sout\u00e8nement, de 200 m\u00e8tres de long, est construit pour \u00e9largir les voies. <\/p>\n<p>Premiers coups de pioche pour le chantier du Bus \u00e0 haut niveau de service (BHNS) de la <a href=\"https:\/\/metropoletpm.fr\/\" rel=\"noopener\" target=\"_blank\">M\u00e9tropole Toulon Provence M\u00e9diterran\u00e9e<\/a>. <a class=\"invalid-link\" href=\"http:\/\/mesinfos.fr\/provence-alpes-cote-d-azur\/le-bhns-de-la-metropole-toulonnaise-declare-d-utilite-publique-231716.html\" rel=\"noopener\" target=\"_blank\">La premi\u00e8re phase du projet, d\u00e9clar\u00e9 d\u2019utilit\u00e9 publique le 9 octobre dernier<\/a>, a d\u00e9but\u00e9 cette semaine \u00e0 Ollioules avec la construction d\u2019un mur de sout\u00e8nement, au niveau de l\u2019espace Geffrier. <\/p>\n<blockquote>\n<p>\u00ab\u00a0C\u2019est un moment d\u00e9cisif\u00a0\u00bb, affirme<strong> Jean-Pierre Giran<\/strong>, pr\u00e9sident de la M\u00e9tropole, qui porte le projet, rappelant que \u00ab\u00a0la volont\u00e9 est d\u2019am\u00e9liorer la mobilit\u00e9, de La Seyne \u00e0 La Garde en passant par La Valette, Ollioules et Toulon \u00bb <\/p>\n<\/blockquote>\n<p>  BHNS : la ligne 1a pour d\u00e9but 2029 <\/p>\n<p><strong>Cette premi\u00e8re phase de travaux doit permettre la mise en service de la ligne 1a d\u00e9but 2029<\/strong>. Longue de 7 kilom\u00e8tres, elle s\u2019\u00e9tend du Technopole de la mer, \u00e0 Ollioules, \u00e0 Bir-Hakeim, \u00e0 Toulon. Douze bus bi-articul\u00e9s de 24 m\u00e8tres seront amen\u00e9s \u00e0 desservir les 15 stations du parcours. <\/p>\n<p>L\u2019objectif de la construction du mur de sout\u00e8nement, de 200 m\u00e8tres de long sur quatre m\u00e8tres de hauteur maximum, est d\u2019\u00e9largir la voirie pour que le BHNS circule sur des voies d\u00e9di\u00e9es, i<strong>l est \u00e0 85 % en site propre sur ce tron\u00e7on, et permettre la cr\u00e9ation d\u2019une piste cyclable en double sens.<\/strong><\/p>\n<p>  Pr\u00e8s de 3 millions d&rsquo;euros pour construire le mur de sout\u00e8nement <\/p>\n<p>Au cours des six prochains mois, NGE (mandataire du groupement, avec Guintoli et les Compagnons de Castellane) va d\u2019abord r\u00e9aliser un rideau de micropieux qui servira de base au futur mur. \u00ab\u00a0A la suite de cela, nous m\u00e8nerons des phases de terrassement qui nous permettront de r\u00e9aliser des ancrages dans le massif existant \u00bb, explique <a href=\"https:\/\/www.linkedin.com\/in\/micka%C3%ABl-laurens-13105a39\/\" rel=\"noopener\" target=\"_blank\">Micka\u00ebl Laurens<\/a>, ing\u00e9nieur travaux pour NGE Fondations.<strong> Une fois fini, le futur mur sera par\u00e9 de pierre.<\/strong> <\/p>\n<p><strong>Le montant des travaux est de 2,99 millions d\u2019euros.<\/strong> <\/p>\n<p>Place \u00e0 l&rsquo;intermobilit\u00e9 dans la m\u00e9tropole toulonnaise <\/p>\n<p>\u00ab L&rsquo;\u00e9poque n&rsquo;est plus \u00e0 opposer les modes de transport les uns les autres mais \u00e0 l&rsquo;intermobilit\u00e9, avec une compl\u00e9mentarit\u00e9 \u00bb, r\u00e9agit le pr\u00e9fet du Var, <a href=\"https:\/\/www.linkedin.com\/in\/simon-babre-ba462382\/\" rel=\"noopener\" target=\"_blank\">Simon Babre<\/a>, \u00e9voquant notamment le projet de navette ferroviaire. Il rappelle que l\u2019\u00c9tat soutient \u00e0 hauteur de 40 millions d\u2019euros le projet de BHNS, dont le co\u00fbt s\u2019\u00e9l\u00e8ve \u00e0<strong> 395 millions d\u2019euros<\/strong>. <\/p>\n<p><strong>Au total, cinq phases des travaux sont pr\u00e9vues d\u2019ici 2037 pour former le trac\u00e9 de 28 kilom\u00e8tres du BHNS<\/strong>.<\/p>\n","protected":false},"excerpt":{"rendered":"\u00a9 D. R. &#8211; Le futur mur de sout\u00e8nement, de 200 m\u00e8tres de long, est construit pour \u00e9largir&hellip;\n","protected":false},"author":2,"featured_media":576061,"comment_status":"","ping_status":"","sticky":false,"template":"","format":"standard","meta":{"footnotes":""},"categories":[9619],"tags":[1111,11,49121,1777,674,1011,27,69035,12,882,25,2310,2086],"class_list":{"0":"post-576060","1":"post","2":"type-post","3":"status-publish","4":"format-standard","5":"has-post-thumbnail","7":"category-toulon","8":"tag-actu","9":"tag-actualites","10":"tag-bhns","11":"tag-eu","12":"tag-europe","13":"tag-fr","14":"tag-france","15":"tag-mu00e9tropole-toulon-provence-mu00e9diterranu00e9e","16":"tag-news","17":"tag-provence-alpes-cote-dazur","18":"tag-republique-francaise","19":"tag-toulon","20":"tag-travaux"},"share_on_mastodon":{"url":"https:\/\/pubeurope.com\/@fr\/115657457077881080","error":""},"_links":{"self":[{"href":"https:\/\/www.europesays.com\/fr\/wp-json\/wp\/v2\/posts\/576060","targetHints":{"allow":["GET"]}}],"collection":[{"href":"https:\/\/www.europesays.com\/fr\/wp-json\/wp\/v2\/posts"}],"about":[{"href":"https:\/\/www.europesays.com\/fr\/wp-json\/wp\/v2\/types\/post"}],"author":[{"embeddable":true,"href":"https:\/\/www.europesays.com\/fr\/wp-json\/wp\/v2\/users\/2"}],"replies":[{"embeddable":true,"href":"https:\/\/www.europesays.com\/fr\/wp-json\/wp\/v2\/comments?post=576060"}],"version-history":[{"count":0,"href":"https:\/\/www.europesays.com\/fr\/wp-json\/wp\/v2\/posts\/576060\/revisions"}],"wp:featuredmedia":[{"embeddable":true,"href":"https:\/\/www.europesays.com\/fr\/wp-json\/wp\/v2\/media\/576061"}],"wp:attachment":[{"href":"https:\/\/www.europesays.com\/fr\/wp-json\/wp\/v2\/media?parent=576060"}],"wp:term":[{"taxonomy":"category","embeddable":true,"href":"https:\/\/www.europesays.com\/fr\/wp-json\/wp\/v2\/categories?post=576060"},{"taxonomy":"post_tag","embeddable":true,"href":"https:\/\/www.europesays.com\/fr\/wp-json\/wp\/v2\/tags?post=576060"}],"curies":[{"name":"wp","href":"https:\/\/api.w.org\/{rel}","templated":true}]}}