{"id":576064,"date":"2025-12-03T20:12:14","date_gmt":"2025-12-03T20:12:14","guid":{"rendered":"https:\/\/www.europesays.com\/fr\/576064\/"},"modified":"2025-12-03T20:12:14","modified_gmt":"2025-12-03T20:12:14","slug":"un-soprano-epris-de-liberte-sempare-de-larena-de-montpellier","status":"publish","type":"post","link":"https:\/\/www.europesays.com\/fr\/576064\/","title":{"rendered":"un Soprano \u00e9pris de libert\u00e9 s\u2019empare de l\u2019Arena de Montpellier"},"content":{"rendered":"<p>                    Par<br \/>\n        <strong><br \/>\n            <a href=\"https:\/\/actu.fr\/auteur\/g-martin\" title=\"Consulter tous les articles de Gil Martin\" target=\"_blank\" rel=\"noopener\">Gil Martin<\/a><br \/>\n                    <\/strong><\/p>\n<p>        Publi\u00e9 le<\/p>\n<p>            3 d\u00e9c. 2025 \u00e0 20h30        <\/p>\n<p>Le <strong>rappeur<\/strong> marseillais <strong>Soprano<\/strong>, chanteur, compositeur mais \u00e9galement\u2026 animateur de t\u00e9l\u00e9vision, a connu un grand succ\u00e8s en 2023 avec sa folle tourn\u00e9e \u00ab Chasseur d\u2019\u00e9toiles \u00bb qui l\u2019a amen\u00e9 jusqu\u2019au Stade de France. Il est ce jeudi soir \u00e0<strong> P\u00e9rols<\/strong>.<\/p>\n<p class=\" wall-content\">Le statut de la libert\u00e9<\/p>\n<p class=\" wall-content\">L\u2019artiste revient cette fois avec un nouveau spectacle, le Freedom Tour, et un passage par la Sud de France Arena de Montpellier, avec Youssoupha en premi\u00e8re partie. Dans ce spectacle annonc\u00e9 comme grandiose, le chanteur a choisi une mise en sc\u00e8ne fortement symbolique : d\u00e8s son entr\u00e9e en sc\u00e8ne, Soprano surgit du d\u00e9cor, suspendu au diad\u00e8me de\u2026 la statue de la libert\u00e9 !<\/p>\n<p>    <a href=\"https:\/\/www.google.com\/maps\/embed?pb=!1m18!1m12!1m3!1d2890.589247941635!2d3.9489150754475624!3d43.57344135758681!2m3!1f0!2f0!3f0!3m2!1i1024!2i768!4f13.1!3m3!1m2!1s0x12b6a4d5fc7a3bf7%3A0x7409bb29f43e093a!2sSud%20de%20France%20Arena!5e0!3m2!1sfr!2sfr!4v1764705123623!5m2!1sfr!2sfr\" title=\"Ouvrie le lien\" target=\"_blank\" rel=\"noopener\">Cliquez ici pour visualiser le contenu<\/a><\/p>\n<p>Nouvel album \u00ab\u00a0Emancipation\u00a0\u00bb<\/p>\n<p class=\" wall-content\">Une image qui donne le tempo de ce Freedom Tour, un spectacle taill\u00e9 sur mesure pour le rappeur marseillais qui laisse s\u2019exprimer son \u00e9nergie d\u00e9bordante. L\u2019occasion pour le public de parcourir plus de 20 ans de carri\u00e8re, depuis les anciens tubes jusqu\u2019aux titres du nouvel \u00ab\u00a0Emancipation\u00a0\u00bb sorti en 2024.<\/p>\n<p>Vid\u00e9os : en ce moment sur Actu<strong>&gt;\u00a0<\/strong>Concert de Soprano, \u00ab\u00a0Freedom Tour\u00a0\u00bb.\u00a0Sud de France Arena.\u00a0Jeudi 4 D\u00e9cembre 2025 \u00e0 20h.\u00a0Tarif : de 38\u20ac \u00e0 74 \u20ac.\u00a0Plus d\u2019infos :<a href=\"http:\/\/www.suddefrance-arena.com\/\" target=\"_blank\" rel=\"noopener\"> www.suddefrance-arena.com\/<\/a><\/p>\n<p class=\" wall-content\">Personnalisez votre actualit\u00e9 en ajoutant vos villes et m\u00e9dias en favori avec <a href=\"https:\/\/moncompte.actu.fr\" title=\"D\u00e9couvez Mon Actu\" rel=\"nofollow noopener\" data-trk=\"{&quot;cta&quot;:{&quot;action&quot;:&quot;https:\\\/\\\/moncompte.actu.fr&quot;,&quot;category&quot;:&quot;mon compte&quot;,&quot;from&quot;:&quot;article footer&quot;,&quot;name&quot;:&quot;Mon actu&quot;,&quot;type&quot;:&quot;cta&quot;}}\" target=\"_blank\">Mon Actu<\/a>.<\/p>\n","protected":false},"excerpt":{"rendered":"Par Gil Martin Publi\u00e9 le 3 d\u00e9c. 2025 \u00e0 20h30 Le rappeur marseillais Soprano, chanteur, compositeur mais \u00e9galement\u2026&hellip;\n","protected":false},"author":2,"featured_media":576065,"comment_status":"","ping_status":"","sticky":false,"template":"","format":"standard","meta":{"footnotes":""},"categories":[9599],"tags":[1111,11,51346,1697,1777,674,1011,27,1652,2208,12,2680,25,10826],"class_list":{"0":"post-576064","1":"post","2":"type-post","3":"status-publish","4":"format-standard","5":"has-post-thumbnail","7":"category-montpellier","8":"tag-actu","9":"tag-actualites","10":"tag-arena-de-montpellier","11":"tag-concert","12":"tag-eu","13":"tag-europe","14":"tag-fr","15":"tag-france","16":"tag-loisirs-culture","17":"tag-montpellier","18":"tag-news","19":"tag-occitanie","20":"tag-republique-francaise","21":"tag-soprano"},"share_on_mastodon":{"url":"https:\/\/pubeurope.com\/@fr\/115657464025836493","error":""},"_links":{"self":[{"href":"https:\/\/www.europesays.com\/fr\/wp-json\/wp\/v2\/posts\/576064","targetHints":{"allow":["GET"]}}],"collection":[{"href":"https:\/\/www.europesays.com\/fr\/wp-json\/wp\/v2\/posts"}],"about":[{"href":"https:\/\/www.europesays.com\/fr\/wp-json\/wp\/v2\/types\/post"}],"author":[{"embeddable":true,"href":"https:\/\/www.europesays.com\/fr\/wp-json\/wp\/v2\/users\/2"}],"replies":[{"embeddable":true,"href":"https:\/\/www.europesays.com\/fr\/wp-json\/wp\/v2\/comments?post=576064"}],"version-history":[{"count":0,"href":"https:\/\/www.europesays.com\/fr\/wp-json\/wp\/v2\/posts\/576064\/revisions"}],"wp:featuredmedia":[{"embeddable":true,"href":"https:\/\/www.europesays.com\/fr\/wp-json\/wp\/v2\/media\/576065"}],"wp:attachment":[{"href":"https:\/\/www.europesays.com\/fr\/wp-json\/wp\/v2\/media?parent=576064"}],"wp:term":[{"taxonomy":"category","embeddable":true,"href":"https:\/\/www.europesays.com\/fr\/wp-json\/wp\/v2\/categories?post=576064"},{"taxonomy":"post_tag","embeddable":true,"href":"https:\/\/www.europesays.com\/fr\/wp-json\/wp\/v2\/tags?post=576064"}],"curies":[{"name":"wp","href":"https:\/\/api.w.org\/{rel}","templated":true}]}}