{"id":576066,"date":"2025-12-03T20:13:13","date_gmt":"2025-12-03T20:13:13","guid":{"rendered":"https:\/\/www.europesays.com\/fr\/576066\/"},"modified":"2025-12-03T20:13:13","modified_gmt":"2025-12-03T20:13:13","slug":"la-dette-cest-le-fil-rouge","status":"publish","type":"post","link":"https:\/\/www.europesays.com\/fr\/576066\/","title":{"rendered":"\u00ab La dette, c&rsquo;est le fil rouge \u00bb"},"content":{"rendered":"<p>                    Par<br \/>\n        <strong><br \/>\n            <a href=\"https:\/\/actu.fr\/auteur\/laredaction\" title=\"Consulter tous les articles de R\u00e9daction Normandie\" target=\"_blank\" rel=\"noopener\">R\u00e9daction Normandie<\/a><br \/>\n                    <\/strong><\/p>\n<p>        Publi\u00e9 le<\/p>\n<p>            3 d\u00e9c. 2025 \u00e0 21h00        <\/p>\n<p>\u00c0 <a href=\"https:\/\/actu.fr\/normandie\/bois-guillaume_76108\" target=\"_blank\" rel=\"noopener\">Bois-Guillaume (Seine-Maritime)<\/a>, le conseil municipal du jeudi 13\u00a0novembre 2025 a d\u00e9but\u00e9 par une minute de silence en hommage aux 132 victimes des attentats survenus \u00e0 Paris il y a dix ans, ainsi qu\u2019aux services de Police et de secours. L\u2019adjoint aux finances, Aur\u00e9lien Behengaray, a ensuite pris la parole pour une longue intervention, afin de pr\u00e9senter le <strong>D\u00e9bat d\u2019orientation budg\u00e9taire 2026 (DOB)<\/strong>, que nous vous r\u00e9sumons ci-dessous\u2026<\/p>\n<p>\u00ab\u2009Nous serons mis \u00e0 contribution par l\u2019\u00c9tat\u2009\u00bb<\/p>\n<p class=\" wall-content\">L\u2019\u00e9lu a pr\u00e9sent\u00e9 le rapport du \u00ab\u2009plus large, de l\u2019international au national pour arriver sur la commune\u2009\u00bb. Il a mis tout le monde dans l\u2019ambiance avec un contexte \u00ab\u2009politique et financier de la France compliqu\u00e9. \u00c0 l\u2019\u00e9chelle de notre ville, nous serons mis \u00e0 contribution par l\u2019\u00c9tat. On va devoir participer, mais la forme reste \u00e0 d\u00e9finir\u2009\u00bb, a pr\u00e9venu l\u2019adjoint, avant de pr\u00e9senter section par section les \u00e9l\u00e9ments qui permettront de constituer le prochain budget.<\/p>\n<p class=\" wall-content\">Il a annonc\u00e9 pour les d\u00e9penses de fonctionnement, une augmentation de 2,73\u2009%, principalement pour les charges de personnel, la contribution au financement du CNRACL, la retraite des fonctionnaires et la revalorisation du salaire des animateurs sur le temps de travail du mercredi\u2009:<\/p>\n<blockquote class=\"ac-article-quote wall-content\">\n<p>Il n&rsquo;y aura pas de cr\u00e9ation de poste en 2026. Sur les charges g\u00e9n\u00e9rales, il n&rsquo;y aura pas d&rsquo;augmentations significatives hormis la D\u00e9l\u00e9gation de service public (DSP) des cr\u00e8ches. Pour le reste des services, nous avons \u00e9t\u00e9 intraitables. Nous serons sur une stabilit\u00e9 ainsi que pour les enveloppes aux associations et le CCAS. On s&rsquo;attend toutefois \u00e0 +\u00a05 % pour le SIREST, le syndicat de restauration scolaire.<\/p>\n<p>    <strong>Aur\u00e9lien Behengaray, <\/strong><br \/>\n        adjoint aux finances \u00e0 la mairie de Bois-Guillaume.    <\/p><\/blockquote>\n<p>Taux d\u2019imposition\u2009: pas d\u2019augmentation pr\u00e9vue<\/p>\n<p class=\" wall-content\">Pour les recettes de fonctionnement, dont 90\u2009% des produits d\u00e9pendent de la <strong>taxe fonci\u00e8re<\/strong>, Aur\u00e9lien Behengaray a annonc\u00e9 une <strong>non-augmentation des taux locaux<\/strong>, des droits de mutation similaires \u00e0 2025 et des recettes pour les services aux usagers en hausse selon l\u2019inflation.<\/p>\n<p class=\" wall-content\">C\u00f4t\u00e9 investissements, en section des d\u00e9penses, apr\u00e8s les chantiers de la Maison de l\u2019enfance et le C\u0153ur de ville, l\u2019adjoint a annonc\u00e9 qu\u2019en 2026, l\u2019investissement subira un fort ralentissement. \u00ab\u2009Nous paierons nos \u00e9ch\u00e9ances de dettes sur les grands projets, soit 543\u2009000\u00a0euros. Pour ce qui est des recettes, nous avons la chance de pouvoir continuer \u00e0 percevoir des subventions des investissements pr\u00e9c\u00e9dents et la FCTVA soit 1,7\u00a0million d\u2019euros.\u2009\u00bb<\/p>\n<p class=\" wall-content\">L\u2019adjoint aux finances a parl\u00e9 d\u2019emprunt\u2009: \u00ab\u2009Ce n\u2019est pas une option pour 2026. Du coup, on va avoir un fonds de roulement qui va se reconstituer\u2009: +\u00a01\u00a0million d\u2019euros selon les estimations\u2009\u00bb, et de la dette, indiquant qu\u2019elle \u00ab\u2009est le fil rouge. Elle est en nette diminution depuis 2020. Nous sommes pass\u00e9s de 5,6\u00a0millions d\u2019euros au 31\u00a0d\u00e9cembre 2019 \u00e0 1,9\u00a0million d\u2019euros au 31\u00a0d\u00e9cembre 2025. Comme nous n\u2019envisageons pas d\u2019emprunt en 2026, elle passera \u00e0 1,4\u00a0million d\u2019euros\u2009\u00bb.<\/p>\n<p>Votre r\u00e9gion, votre actu !<\/p>\n<p>Recevez chaque jour les infos qui comptent pour vous.<\/p>\n<p>\t<a href=\"https:\/\/actu.fr\/newsletter\" class=\"ac-btn ac-btn--corner ac-btn--medium ac-btn--blue800\" target=\"_blank\" rel=\"noopener\">S&rsquo;incrire<\/a><\/p>\n<p class=\" wall-content\">L\u2019adjoint a alors estim\u00e9 que s\u2019il n\u2019y a pas n\u00e9cessit\u00e9 imp\u00e9rieuse de faire appel aux banques, la dette s\u2019\u00e9teindra en 2035.<\/p>\n<p>\u00ab\u2009Une fin de mandat sans souffle, sans cap et sans projet\u2009\u00bb, selon l\u2019opposition<\/p>\n<p class=\" wall-content\">L\u2019intervention de Marie Guguin du groupe \u00ab\u2009Marie Guguin Bois-Guillaume et vous\u2009\u00bb, a le plus retenu l\u2019attention\u2009: \u00ab\u2009Le DOB est complet sur la forme, mais inqui\u00e9tant sur le fond. Il traduit une fin de mandat sans souffle, sans cap et surtout sans projet pour l\u2019avenir de Bois-Guillaume\u2009\u00bb, a d\u00e9nonc\u00e9 l\u2019\u00e9lue d\u2019opposition, estimant que la majorit\u00e9, pendant des ann\u00e9es, a \u00ab\u2009d\u00e9pens\u00e9 sans compter \u00bb<\/p>\n<blockquote class=\"ac-article-quote wall-content\">\n<p>Aujourd\u2019hui, les caisses sont vides et les marges de man\u0153uvre r\u00e9duites. Il ne reste plus grand-chose pour investir. Ce que vous appelez fin de cycle d\u2019investissement est simplement une gestion \u00e0 courte vue. Les chiffres parlent d\u2019eux-m\u00eames\u2026 ce n\u2019est pas de la gestion, c\u2019est de la survie. Notre groupe croit \u00e0 une autre approche<\/p>\n<p>    <strong>Marie Guguin,<\/strong><br \/>\n        \u00e9lue d&rsquo;opposition    <\/p><\/blockquote>\n<p>\u00ab\u2009Vous n\u2019avez rien fait lors de votre dernier mandat\u2009\u00bb<\/p>\n<p class=\" wall-content\">Pour toute r\u00e9ponse, le maire <strong>Th\u00e9o P\u00e9rez<\/strong> a r\u00e9torqu\u00e9 \u00e0 son opposante\u2009: \u00ab\u2009L\u00e0, nous sommes au DOB. Nous avons re\u00e7u mandant pendant six ans pour r\u00e9aliser un programme. On l\u2019a r\u00e9alis\u00e9 \u00e0 100\u2009%. Nous avons \u00e9t\u00e9 corrects. 2026, c\u2019est la fin d\u2019un cycle. Il ne nous appartient pas de nous projeter au-del\u00e0. Nous avions toujours annonc\u00e9 cette strat\u00e9gie avec un pic d\u2019investissements\u2009\u00bb, a soulign\u00e9 l\u2019\u00e9lu, poursuivant, en s\u2019adressant \u00e0 son opposition\u2009: \u00ab\u2009Vous, vous n\u2019avez rien fait lors de votre dernier mandat. Seulement laiss\u00e9 une dette colossale. Il faut \u00eatre honn\u00eate.\u2009\u00bb<\/p>\n<p class=\" wall-content\">Th\u00e9o P\u00e9rez a ensuite rappel\u00e9 qu\u2019en 2026, il y aura quand m\u00eame des projets\u2009: 200\u2009000 euros pour la vid\u00e9oprotection, 500\u2009000 euros pour la r\u00e9novation \u00e9nerg\u00e9tique ou encore la r\u00e9fection des cheminements et de la mare du parc de la fontaine.<\/p>\n<p class=\" wall-content\">\u00ab\u2009Cela va dans le bon sens et fait consensus. Tout cela avec z\u00e9ro imp\u00f4t suppl\u00e9mentaire et une dette qui nous fait \u00eatre une des communes les moins endett\u00e9es de France\u2009\u00bb, a soulign\u00e9 le maire.<\/p>\n<p>Suivez l\u2019actualit\u00e9 de Rouen sur <a href=\"https:\/\/www.whatsapp.com\/channel\/0029VaKfnf99hXF2ddApFB1D\" target=\"_blank\" rel=\"noopener\">notre cha\u00eene WhatsApp<\/a> et sur <a href=\"https:\/\/www.tiktok.com\/@76actu.fr?lang=fr\" target=\"_blank\" rel=\"noopener\">notre compte TikTok<\/a><\/p>\n<p class=\" wall-content\">Personnalisez votre actualit\u00e9 en ajoutant vos villes et m\u00e9dias en favori avec <a href=\"https:\/\/moncompte.actu.fr\" title=\"D\u00e9couvez Mon Actu\" rel=\"nofollow noopener\" data-trk=\"{&quot;cta&quot;:{&quot;action&quot;:&quot;https:\\\/\\\/moncompte.actu.fr&quot;,&quot;category&quot;:&quot;mon compte&quot;,&quot;from&quot;:&quot;article footer&quot;,&quot;name&quot;:&quot;Mon actu&quot;,&quot;type&quot;:&quot;cta&quot;}}\" target=\"_blank\">Mon Actu<\/a>.<\/p>\n<p>                    <script async src=\"\/\/www.tiktok.com\/embed.js\"><\/script><\/p>\n","protected":false},"excerpt":{"rendered":"Par R\u00e9daction Normandie Publi\u00e9 le 3 d\u00e9c. 2025 \u00e0 21h00 \u00c0 Bois-Guillaume (Seine-Maritime), le conseil municipal du jeudi&hellip;\n","protected":false},"author":2,"featured_media":576067,"comment_status":"","ping_status":"","sticky":false,"template":"","format":"standard","meta":{"footnotes":""},"categories":[9587],"tags":[1111,11,1003,1777,674,1011,27,3434,12,5161,316,25,9590],"class_list":{"0":"post-576066","1":"post","2":"type-post","3":"status-publish","4":"format-standard","5":"has-post-thumbnail","7":"category-rouen","8":"tag-actu","9":"tag-actualites","10":"tag-budget","11":"tag-eu","12":"tag-europe","13":"tag-fr","14":"tag-france","15":"tag-municipales-2026","16":"tag-news","17":"tag-normandie","18":"tag-politique","19":"tag-republique-francaise","20":"tag-rouen"},"share_on_mastodon":{"url":"https:\/\/pubeurope.com\/@fr\/115657468123083605","error":""},"_links":{"self":[{"href":"https:\/\/www.europesays.com\/fr\/wp-json\/wp\/v2\/posts\/576066","targetHints":{"allow":["GET"]}}],"collection":[{"href":"https:\/\/www.europesays.com\/fr\/wp-json\/wp\/v2\/posts"}],"about":[{"href":"https:\/\/www.europesays.com\/fr\/wp-json\/wp\/v2\/types\/post"}],"author":[{"embeddable":true,"href":"https:\/\/www.europesays.com\/fr\/wp-json\/wp\/v2\/users\/2"}],"replies":[{"embeddable":true,"href":"https:\/\/www.europesays.com\/fr\/wp-json\/wp\/v2\/comments?post=576066"}],"version-history":[{"count":0,"href":"https:\/\/www.europesays.com\/fr\/wp-json\/wp\/v2\/posts\/576066\/revisions"}],"wp:featuredmedia":[{"embeddable":true,"href":"https:\/\/www.europesays.com\/fr\/wp-json\/wp\/v2\/media\/576067"}],"wp:attachment":[{"href":"https:\/\/www.europesays.com\/fr\/wp-json\/wp\/v2\/media?parent=576066"}],"wp:term":[{"taxonomy":"category","embeddable":true,"href":"https:\/\/www.europesays.com\/fr\/wp-json\/wp\/v2\/categories?post=576066"},{"taxonomy":"post_tag","embeddable":true,"href":"https:\/\/www.europesays.com\/fr\/wp-json\/wp\/v2\/tags?post=576066"}],"curies":[{"name":"wp","href":"https:\/\/api.w.org\/{rel}","templated":true}]}}