{"id":576072,"date":"2025-12-03T20:18:44","date_gmt":"2025-12-03T20:18:44","guid":{"rendered":"https:\/\/www.europesays.com\/fr\/576072\/"},"modified":"2025-12-03T20:18:44","modified_gmt":"2025-12-03T20:18:44","slug":"grenoble-le-marche-aux-sapins-revient-des-samedi-boulevard-clemenceau","status":"publish","type":"post","link":"https:\/\/www.europesays.com\/fr\/576072\/","title":{"rendered":"Grenoble. Le march\u00e9 aux sapins revient d\u00e8s samedi boulevard Cl\u00e9menceau"},"content":{"rendered":"<p>Le compte \u00e0 rebours de No\u00ebl s\u2019enclenche aussi boulevard Cl\u00e9menceau. Comme chaque ann\u00e9e depuis 1982, le traditionnel march\u00e9 aux sapins de Grenoble prend place du 6 au 24\u00a0d\u00e9cembre, de 8\u00a0h\u00a030 \u00e0 18\u00a0heures. Huit producteurs is\u00e9rois se relaieront pendant pr\u00e8s de trois semaines pour proposer aux habitants des arbres cultiv\u00e9s localement et issus de pratiques durables. Les sapins proviennent des massifs du Vercors, des Terres froides ou encore de Belledonne. Sur les \u00e9tals, on pourra retrouver les vari\u00e9t\u00e9s les plus recherch\u00e9es\u00a0: Nordmann, \u00c9pic\u00e9a, Pungens ou Nobilis, disponibles dans de multiples tailles et adapt\u00e9es \u00e0 tous les budgets.<\/p>\n<p>  Allier ambiance de No\u00ebl et soutien \u00e0 l\u2019agriculture locale<\/p>\n<p>Les producteurs mettent en avant une culture plus respectueuse de l\u2019environnement\u00a0: certaines p\u00e9pini\u00e8res sont entretenues par p\u00e2turage, gr\u00e2ce \u00e0 des troupeaux de moutons utilis\u00e9s pour limiter l\u2019usage d\u2019engins m\u00e9caniques et pr\u00e9server les sols.<\/p>\n<p>Cette vente directe est devenue un rendez-vous incontournable pour de nombreux Grenoblois, qui y voient l\u2019occasion d\u2019acheter un arbre frais, trac\u00e9 et cultiv\u00e9 \u00e0 quelques kilom\u00e8tres seulement de la ville. De quoi allier ambiance de No\u00ebl et soutien \u00e0 l\u2019agriculture locale, avant de parer son sapin et d\u2019y d\u00e9poser les premiers cadeaux.<\/p>\n","protected":false},"excerpt":{"rendered":"Le compte \u00e0 rebours de No\u00ebl s\u2019enclenche aussi boulevard Cl\u00e9menceau. Comme chaque ann\u00e9e depuis 1982, le traditionnel march\u00e9&hellip;\n","protected":false},"author":2,"featured_media":576073,"comment_status":"","ping_status":"","sticky":false,"template":"","format":"standard","meta":{"footnotes":""},"categories":[9566],"tags":[1111,11,2430,4406,1687,33,112,436,1777,674,3326,1011,27,2731,2732,12,25],"class_list":{"0":"post-576072","1":"post","2":"type-post","3":"status-publish","4":"format-standard","5":"has-post-thumbnail","7":"category-grenoble","8":"tag-actu","9":"tag-actualites","10":"tag-auvergne-rhone-alpes","11":"tag-commerce-et-services","12":"tag-culture-loisirs","13":"tag-economie","14":"tag-edition-grenoble-agglomeration","15":"tag-environnement","16":"tag-eu","17":"tag-europe","18":"tag-fete-locale","19":"tag-fr","20":"tag-france","21":"tag-grenoble","22":"tag-grenoble-bassin","23":"tag-news","24":"tag-republique-francaise"},"share_on_mastodon":{"url":"https:\/\/pubeurope.com\/@fr\/115657487395501760","error":""},"_links":{"self":[{"href":"https:\/\/www.europesays.com\/fr\/wp-json\/wp\/v2\/posts\/576072","targetHints":{"allow":["GET"]}}],"collection":[{"href":"https:\/\/www.europesays.com\/fr\/wp-json\/wp\/v2\/posts"}],"about":[{"href":"https:\/\/www.europesays.com\/fr\/wp-json\/wp\/v2\/types\/post"}],"author":[{"embeddable":true,"href":"https:\/\/www.europesays.com\/fr\/wp-json\/wp\/v2\/users\/2"}],"replies":[{"embeddable":true,"href":"https:\/\/www.europesays.com\/fr\/wp-json\/wp\/v2\/comments?post=576072"}],"version-history":[{"count":0,"href":"https:\/\/www.europesays.com\/fr\/wp-json\/wp\/v2\/posts\/576072\/revisions"}],"wp:featuredmedia":[{"embeddable":true,"href":"https:\/\/www.europesays.com\/fr\/wp-json\/wp\/v2\/media\/576073"}],"wp:attachment":[{"href":"https:\/\/www.europesays.com\/fr\/wp-json\/wp\/v2\/media?parent=576072"}],"wp:term":[{"taxonomy":"category","embeddable":true,"href":"https:\/\/www.europesays.com\/fr\/wp-json\/wp\/v2\/categories?post=576072"},{"taxonomy":"post_tag","embeddable":true,"href":"https:\/\/www.europesays.com\/fr\/wp-json\/wp\/v2\/tags?post=576072"}],"curies":[{"name":"wp","href":"https:\/\/api.w.org\/{rel}","templated":true}]}}