{"id":576076,"date":"2025-12-03T20:22:12","date_gmt":"2025-12-03T20:22:12","guid":{"rendered":"https:\/\/www.europesays.com\/fr\/576076\/"},"modified":"2025-12-03T20:22:12","modified_gmt":"2025-12-03T20:22:12","slug":"psg-absent-pour-la-reprise-de-lentrainement-lucas-chevalier-incertain-contre-rennes","status":"publish","type":"post","link":"https:\/\/www.europesays.com\/fr\/576076\/","title":{"rendered":"PSG\u00a0: absent pour la reprise de l\u2019entra\u00eenement, Lucas Chevalier incertain contre Rennes"},"content":{"rendered":"<p class=\"paragraph text_align_left lp-f-body-02\">Voir Lucas Chevalier terminer <a href=\"https:\/\/www.leparisien.fr\/sports\/football\/psg\/monaco-psg-1-0-le-coup-de-la-panne-que-personne-na-vu-venir-30-11-2025-QFZZQKP6H5H3NPKCKTNFSMIW2U.php\" target=\"_self\" rel=\"noopener\">le match \u00e0 Monaco (1-0)<\/a>, samedi, relevait presque du miracle au regard de <a href=\"https:\/\/www.leparisien.fr\/sports\/football\/ligue-1\/il-y-a-une-petite-torsion-pourquoi-larbitre-de-monaco-psg-na-pas-expulse-camara-malgre-son-terrible-tacle-sur-chevalier-02-12-2025-PM4N5QX2VFARHNJJOXNRCXF4MY.php\" target=\"_self\" rel=\"noopener\">la torsion de sa cheville sur le tacle de Lamine Camara. <\/a>Pourtant rest\u00e9 jusqu\u2019au bout, le gardien parisien d\u00e9clarait \u00e0 la sortie du terrain : \u00ab Ma carri\u00e8re aurait pu prendre un autre tournant aujourd\u2019hui, j\u2019ai eu beaucoup de chance\u2026 \u00bb<\/p>\n<p class=\"paragraph text_align_left lp-f-body-02\">Alors que le corps arbitral n\u2019a attribu\u00e9 qu\u2019un carton jaune au joueur mon\u00e9gasque, <a href=\"https:\/\/www.leparisien.fr\/sports\/football\/ligue-1\/monaco-psg-1-0-le-directeur-de-larbitrage-reconnait-que-camara-aurait-du-etre-expulse-pour-son-tacle-violent-sur-chevalier-01-12-2025-Q6B7Q76HRVCKJGRGSB75274BSY.php\" target=\"_self\" rel=\"noopener\">une erreur reconnue par la direction de l\u2019arbitrage, <\/a>l\u2019ancien Lillois n\u2019est pas apte \u00e0 reprendre l\u2019entra\u00eenement.<\/p>\n<p class=\"paragraph text_align_left lp-f-body-02\">Selon nos informations qui confirment celles de RMC Sport, il n\u2019a pas particip\u00e9 \u00e0 la reprise programm\u00e9e ce mercredi en fin d\u2019apr\u00e8s-midi au Campus de Poissy, apr\u00e8s trois jours de repos accord\u00e9s \u00e0 l\u2019ensemble du groupe par Luis Enrique.<\/p>\n<p class=\"paragraph text_align_left lp-f-body-02\">La cheville droite de <a href=\"https:\/\/www.leparisien.fr\/sports\/football\/equipe-de-france\/azerbaidjan-france-apres-une-semaine-agitee-cest-lheure-du-grand-saut-en-bleu-pour-lucas-chevalier-15-11-2025-5ZUOBX5OPBBZZFH3EPXDU62IEQ.php\" target=\"_self\" rel=\"noopener\">l\u2019international fran\u00e7ais (1 s\u00e9lection)<\/a>, certes moins gonfl\u00e9e, l\u2019est toujours un peu, ce qui rend sa participation incertaine pour la r\u00e9ception du Stade Rennais, ce samedi \u00e0 21h05 au Parc des Princes.<\/p>\n<p class=\"paragraph text_align_left lp-f-body-02\">Le staff lui donne la possibilit\u00e9 de r\u00e9cup\u00e9rer et rien ne garantit pour l\u2019instant qu\u2019il puisse \u00eatre r\u00e9tabli pour le match face aux Bretons. Les prochaines heures permettront d\u2019y voir plus clair alors que l\u2019entra\u00eenement de jeudi (11 heures) est ouvert en int\u00e9gralit\u00e9 aux m\u00e9dias.<\/p>\n","protected":false},"excerpt":{"rendered":"Voir Lucas Chevalier terminer le match \u00e0 Monaco (1-0), samedi, relevait presque du miracle au regard de la&hellip;\n","protected":false},"author":2,"featured_media":576077,"comment_status":"","ping_status":"","sticky":false,"template":"","format":"standard","meta":{"footnotes":""},"categories":[2821],"tags":[1111,11,829,1777,674,63,1011,27,12,93,584,25,60],"class_list":{"0":"post-576076","1":"post","2":"type-post","3":"status-publish","4":"format-standard","5":"has-post-thumbnail","7":"category-rennes","8":"tag-actu","9":"tag-actualites","10":"tag-bretagne","11":"tag-eu","12":"tag-europe","13":"tag-football","14":"tag-fr","15":"tag-france","16":"tag-news","17":"tag-psg","18":"tag-rennes","19":"tag-republique-francaise","20":"tag-sports"},"share_on_mastodon":{"url":"https:\/\/pubeurope.com\/@fr\/115657503233892068","error":""},"_links":{"self":[{"href":"https:\/\/www.europesays.com\/fr\/wp-json\/wp\/v2\/posts\/576076","targetHints":{"allow":["GET"]}}],"collection":[{"href":"https:\/\/www.europesays.com\/fr\/wp-json\/wp\/v2\/posts"}],"about":[{"href":"https:\/\/www.europesays.com\/fr\/wp-json\/wp\/v2\/types\/post"}],"author":[{"embeddable":true,"href":"https:\/\/www.europesays.com\/fr\/wp-json\/wp\/v2\/users\/2"}],"replies":[{"embeddable":true,"href":"https:\/\/www.europesays.com\/fr\/wp-json\/wp\/v2\/comments?post=576076"}],"version-history":[{"count":0,"href":"https:\/\/www.europesays.com\/fr\/wp-json\/wp\/v2\/posts\/576076\/revisions"}],"wp:featuredmedia":[{"embeddable":true,"href":"https:\/\/www.europesays.com\/fr\/wp-json\/wp\/v2\/media\/576077"}],"wp:attachment":[{"href":"https:\/\/www.europesays.com\/fr\/wp-json\/wp\/v2\/media?parent=576076"}],"wp:term":[{"taxonomy":"category","embeddable":true,"href":"https:\/\/www.europesays.com\/fr\/wp-json\/wp\/v2\/categories?post=576076"},{"taxonomy":"post_tag","embeddable":true,"href":"https:\/\/www.europesays.com\/fr\/wp-json\/wp\/v2\/tags?post=576076"}],"curies":[{"name":"wp","href":"https:\/\/api.w.org\/{rel}","templated":true}]}}