{"id":576086,"date":"2025-12-03T20:27:18","date_gmt":"2025-12-03T20:27:18","guid":{"rendered":"https:\/\/www.europesays.com\/fr\/576086\/"},"modified":"2025-12-03T20:27:18","modified_gmt":"2025-12-03T20:27:18","slug":"a-nantes-vincent-delerm-ce-soir-et-demain-a-la-bouche-dair","status":"publish","type":"post","link":"https:\/\/www.europesays.com\/fr\/576086\/","title":{"rendered":"\u00c0 Nantes, Vincent Delerm ce soir et demain \u00e0 la Bouche d\u2019air"},"content":{"rendered":"<p>C\u2019est l\u2019histoire d\u2019une Fresque, <a href=\"https:\/\/rennes.maville.com\/actu\/actudet_-vincent-delerm-creuse-le-sillon-des-sentiments-avec-la-fresque-son-nouvel-album-_54135-6857588_actu.Htm\" target=\"_self\" rel=\"noopener\">titre du huiti\u00e8me album de Vincent Delerm<\/a>. Comme \u00e0 son habitude, le chanteur sensible se raconte de long en large, le tout sur fond d\u2019images grand format.<\/p>\n<p>Vincent Delerm a fait salle comble, mardi 2\u00a0d\u00e9cembre, sur la sc\u00e8ne de la Bouche d\u2019air, \u00e0 Nantes. Un seul en sc\u00e8ne d\u00e9bordant de nostalgie, d\u00e9clin\u00e9 en quatorze tableaux et diverses formes musicales. On y croise entre autres ses parents, ses enfants, son ancienne prof de piano et un certain Jean-Jacques Goldman.<\/p>\n<p><strong>Ce mercredi\u00a03 et jeudi 4\u00a0\u00e9cembre <\/strong>\u00e0 20\u00a0h\u00a030, La Bouche d\u2019air, salle Paul-Fort, 9,\u00a0rue Basse porte, Nantes. Tarif unique\u00a0: 35\u00a0\u20ac.<\/p>\n<p>\u00a0<\/p>\n","protected":false},"excerpt":{"rendered":"C\u2019est l\u2019histoire d\u2019une Fresque, titre du huiti\u00e8me album de Vincent Delerm. Comme \u00e0 son habitude, le chanteur sensible&hellip;\n","protected":false},"author":2,"featured_media":576087,"comment_status":"","ping_status":"","sticky":false,"template":"","format":"standard","meta":{"footnotes":""},"categories":[2818],"tags":[1111,11,2965,69037,69036,12351,1777,674,1011,27,766,12,2636,25,3467,762],"class_list":{"0":"post-576086","1":"post","2":"type-post","3":"status-publish","4":"format-standard","5":"has-post-thumbnail","7":"category-nantes","8":"tag-actu","9":"tag-actualites","10":"tag-air","11":"tag-bouche","12":"tag-delerm","13":"tag-demain","14":"tag-eu","15":"tag-europe","16":"tag-fr","17":"tag-france","18":"tag-nantes","19":"tag-news","20":"tag-pays-de-la-loire","21":"tag-republique-francaise","22":"tag-soir","23":"tag-vincent"},"share_on_mastodon":{"url":"https:\/\/pubeurope.com\/@fr\/115657522701393039","error":""},"_links":{"self":[{"href":"https:\/\/www.europesays.com\/fr\/wp-json\/wp\/v2\/posts\/576086","targetHints":{"allow":["GET"]}}],"collection":[{"href":"https:\/\/www.europesays.com\/fr\/wp-json\/wp\/v2\/posts"}],"about":[{"href":"https:\/\/www.europesays.com\/fr\/wp-json\/wp\/v2\/types\/post"}],"author":[{"embeddable":true,"href":"https:\/\/www.europesays.com\/fr\/wp-json\/wp\/v2\/users\/2"}],"replies":[{"embeddable":true,"href":"https:\/\/www.europesays.com\/fr\/wp-json\/wp\/v2\/comments?post=576086"}],"version-history":[{"count":0,"href":"https:\/\/www.europesays.com\/fr\/wp-json\/wp\/v2\/posts\/576086\/revisions"}],"wp:featuredmedia":[{"embeddable":true,"href":"https:\/\/www.europesays.com\/fr\/wp-json\/wp\/v2\/media\/576087"}],"wp:attachment":[{"href":"https:\/\/www.europesays.com\/fr\/wp-json\/wp\/v2\/media?parent=576086"}],"wp:term":[{"taxonomy":"category","embeddable":true,"href":"https:\/\/www.europesays.com\/fr\/wp-json\/wp\/v2\/categories?post=576086"},{"taxonomy":"post_tag","embeddable":true,"href":"https:\/\/www.europesays.com\/fr\/wp-json\/wp\/v2\/tags?post=576086"}],"curies":[{"name":"wp","href":"https:\/\/api.w.org\/{rel}","templated":true}]}}