{"id":576094,"date":"2025-12-03T20:32:19","date_gmt":"2025-12-03T20:32:19","guid":{"rendered":"https:\/\/www.europesays.com\/fr\/576094\/"},"modified":"2025-12-03T20:32:19","modified_gmt":"2025-12-03T20:32:19","slug":"il-presente-plusieurs-fractures-au-visage-apres-laccident-lun-des-deux-adolescents-transporte-a-toulouse","status":"publish","type":"post","link":"https:\/\/www.europesays.com\/fr\/576094\/","title":{"rendered":"\u00ab\u00a0Il pr\u00e9sente plusieurs fractures au visage\u00a0\u00bb\u00a0: apr\u00e8s l\u2019accident, l\u2019un des deux adolescents transport\u00e9 \u00e0 Toulouse"},"content":{"rendered":"<p>\n                                                                    l&rsquo;essentiel<br \/>\n                                                                Les jours des deux coll\u00e9giens renvers\u00e9s ce mercredi 3\u00a0d\u00e9cembre dans la matin\u00e9e au pied de l\u2019escalier monumental d\u2019Auch ne sont plus compt\u00e9s. L\u2019un a pu rentrer chez lui, l\u2019autre, plus gri\u00e8vement touch\u00e9, a \u00e9t\u00e9 h\u00e9liport\u00e9 vers Toulouse.\n                            <\/p>\n<p>Leur pronostic vital n\u2019est plus engag\u00e9. Mercredi 3\u00a0d\u00e9cembre, en d\u00e9but de matin\u00e9e, deux adolescents de 14 ans ont \u00e9t\u00e9 violemment percut\u00e9s par une voiture vers 7\u00a0h\u00a040 \u00e0 Auch. Si leurs jours avaient initialement sembl\u00e9 en danger, leur \u00e9tat s\u2019est depuis stabilis\u00e9.<\/p>\n<p>En fin de journ\u00e9e, selon la police nationale, le premier adolescent, qui est pass\u00e9 sous le v\u00e9hicule, <a href=\"https:\/\/www.ladepeche.fr\/2025\/12\/03\/deux-collegiens-de-14-ans-percutes-et-gravement-blesses-ils-sont-transportes-a-lhopital-en-urgence-13087733.php\" target=\"_blank\" rel=\"noopener\">a pu quitter le centre hospitalier d\u2019Auch,<\/a> o\u00f9 il avait \u00e9t\u00e9 transport\u00e9 en urgence.\u00a0Miraculeusement, il n\u2019a pas \u00e9t\u00e9 gri\u00e8vement bless\u00e9 et a pu rentrer chez lui. \u00ab\u00a0Ses blessures ne n\u00e9cessitent pas d\u2019hospitalisation\u00a0\u00bb, pr\u00e9cise une source polici\u00e8re.<\/p>\n<p>        <img decoding=\"async\" class=\"std-img__img responsive-img\" src=\"https:\/\/www.europesays.com\/fr\/wp-content\/uploads\/2025\/12\/1764793939_972_image.jpg\" alt=\"Le choc s\u2019est produit au pied de l\u2019escalier monumental d\u2019Auch.\"\/><\/p>\n<p>                Le choc s\u2019est produit au pied de l\u2019escalier monumental d\u2019Auch.<br \/>\n                                    DDM &#8211; SD<\/p>\n<p>Le deuxi\u00e8me adolescent, en revanche, souffre de blessures plus s\u00e9rieuses. \u00ab\u00a0Son pronostic vital n\u2019est plus engag\u00e9, mais il pr\u00e9sente plusieurs fractures au visage\u00a0\u00bb, indique la m\u00eame source. Projet\u00e9 sur le pare-brise, il aurait violemment heurt\u00e9 celui-ci, laissant des traces visibles sur le v\u00e9hicule. Il a \u00e9t\u00e9 h\u00e9liport\u00e9 vers l\u2019h\u00f4pital Purpan, \u00e0 Toulouse.\u00a0Selon la mairie d\u2019Auch, les deux jeunes seraient scolaris\u00e9s au coll\u00e8ge Mathalin.<\/p>\n<p>Aucune conduite dangereuse<\/p>\n<p>Le choc s\u2019est produit au pied de l\u2019escalier monumental d\u2019Auch, boulevard Sadi Carnot, en plein c\u0153ur du chef-lieu du Gers. Les deux coll\u00e9giens traversaient la chauss\u00e9e \u00e0 une dizaine de m\u00e8tres du passage pi\u00e9ton lorsqu\u2019un automobiliste arrivant en face les a percut\u00e9s.<\/p>\n<p class=\"std-elt__inline\">\n        <strong>\u00c0 lire aussi :<\/strong><br \/>\n        <a href=\"https:\/\/www.ladepeche.fr\/2025\/12\/03\/deux-collegiens-de-14-ans-percutes-et-gravement-blesses-ils-sont-transportes-a-lhopital-en-urgence-13087733.php\" target=\"_blank\" rel=\"noopener\">Deux coll\u00e9giens de 14 ans percut\u00e9s et gravement bless\u00e9s, ils sont transport\u00e9s \u00e0 l\u2019h\u00f4pital en urgence<\/a>\n    <\/p>\n<p>Une patrouille de la police nationale, pr\u00e9sente \u00e0 proximit\u00e9, a \u00e9t\u00e9 t\u00e9moin de la sc\u00e8ne. D\u2019apr\u00e8s les premiers \u00e9l\u00e9ments, aucune conduite dangereuse ne serait en cause, m\u00eame si l\u2019on ignore encore pourquoi le conducteur n\u2019a pas vu les adolescents qui se seraient engag\u00e9s brusquement sur la voie.<\/p>\n<p>Le conducteur, \u00e2g\u00e9 de 34 ans, et sa passag\u00e8re, \u00e2g\u00e9e de 18 ans, en \u00e9tat de choc ont \u00e9t\u00e9 pris en charge\u00a0et \u00e9vacu\u00e9s vers centre hospitalier d\u2019Auch.<\/p>\n<p>Trois morts sur les routes gersois en octobre<\/p>\n<p>La police nationale rappelle une nouvelle fois la n\u00e9cessit\u00e9 d\u2019adopter une conduite prudente sur les routes du Gers, particuli\u00e8rement avec la d\u00e9gradation des conditions m\u00e9t\u00e9o.\u00a0En octobre, trois personnes ont perdu la vie et 24 autres ont \u00e9t\u00e9 bless\u00e9es sur les routes du d\u00e9partement, selon les chiffres de la pr\u00e9fecture.<\/p>\n<p>Avec une luminosit\u00e9 plus faible et des conditions parfois difficiles, \u00ab\u00a0il faut s\u2019assurer en permanence de bien voir et d\u2019\u00eatre bien vu\u00a0\u00bb, insiste la pr\u00e9fecture.<\/p>\n","protected":false},"excerpt":{"rendered":"l&rsquo;essentiel Les jours des deux coll\u00e9giens renvers\u00e9s ce mercredi 3\u00a0d\u00e9cembre dans la matin\u00e9e au pied de l\u2019escalier monumental&hellip;\n","protected":false},"author":2,"featured_media":576095,"comment_status":"","ping_status":"","sticky":false,"template":"","format":"standard","meta":{"footnotes":""},"categories":[2816],"tags":[3085,1111,11,16802,1777,674,118,1011,27,11328,12,2680,25,2312],"class_list":{"0":"post-576094","1":"post","2":"type-post","3":"status-publish","4":"format-standard","5":"has-post-thumbnail","7":"category-toulouse","8":"tag-accidents","9":"tag-actu","10":"tag-actualites","11":"tag-auch","12":"tag-eu","13":"tag-europe","14":"tag-faits-divers","15":"tag-fr","16":"tag-france","17":"tag-gers","18":"tag-news","19":"tag-occitanie","20":"tag-republique-francaise","21":"tag-toulouse"},"share_on_mastodon":{"url":"https:\/\/pubeurope.com\/@fr\/115657542553104052","error":""},"_links":{"self":[{"href":"https:\/\/www.europesays.com\/fr\/wp-json\/wp\/v2\/posts\/576094","targetHints":{"allow":["GET"]}}],"collection":[{"href":"https:\/\/www.europesays.com\/fr\/wp-json\/wp\/v2\/posts"}],"about":[{"href":"https:\/\/www.europesays.com\/fr\/wp-json\/wp\/v2\/types\/post"}],"author":[{"embeddable":true,"href":"https:\/\/www.europesays.com\/fr\/wp-json\/wp\/v2\/users\/2"}],"replies":[{"embeddable":true,"href":"https:\/\/www.europesays.com\/fr\/wp-json\/wp\/v2\/comments?post=576094"}],"version-history":[{"count":0,"href":"https:\/\/www.europesays.com\/fr\/wp-json\/wp\/v2\/posts\/576094\/revisions"}],"wp:featuredmedia":[{"embeddable":true,"href":"https:\/\/www.europesays.com\/fr\/wp-json\/wp\/v2\/media\/576095"}],"wp:attachment":[{"href":"https:\/\/www.europesays.com\/fr\/wp-json\/wp\/v2\/media?parent=576094"}],"wp:term":[{"taxonomy":"category","embeddable":true,"href":"https:\/\/www.europesays.com\/fr\/wp-json\/wp\/v2\/categories?post=576094"},{"taxonomy":"post_tag","embeddable":true,"href":"https:\/\/www.europesays.com\/fr\/wp-json\/wp\/v2\/tags?post=576094"}],"curies":[{"name":"wp","href":"https:\/\/api.w.org\/{rel}","templated":true}]}}