{"id":576102,"date":"2025-12-03T20:36:24","date_gmt":"2025-12-03T20:36:24","guid":{"rendered":"https:\/\/www.europesays.com\/fr\/576102\/"},"modified":"2025-12-03T20:36:24","modified_gmt":"2025-12-03T20:36:24","slug":"cinq-adresses-pour-manger-une-raclette-comme-au-ski-a-marseille-et-alentours","status":"publish","type":"post","link":"https:\/\/www.europesays.com\/fr\/576102\/","title":{"rendered":"Cinq adresses pour manger une raclette comme au ski \u00e0 Marseille et alentours"},"content":{"rendered":"<p>La festive\u00a0: Le Chalet des Amis<\/p>\n<p>Manger une raclette et faire la f\u00eate pour dig\u00e9rer, voici la recette festive et originale de l\u2019hiver au Chalet des Amis. Dans un d\u00e9cor tout en bois de chalet savoyard typique, avec des luminaires en forme de bois de cerfs, des volets avec des c\u0153urs et des grandes tabl\u00e9es conviviales avec des nappes \u00e0 carreaux rouges, on s\u2019installe en famille ou entre potes, un dimanche midi ou un jeudi soir pour partager une raclette.<\/p>\n<p><img alt=\"La raclette au Chalet des Amis.\" loading=\"lazy\" decoding=\"async\" data-nimg=\"fill\" class=\" TwicCore_img__i9TC1 undefined  undefined\" style=\"position:absolute;height:100%;width:100%;left:0;top:0;right:0;bottom:0;color:transparent;background-size:cover;background-position:50% 50%;background-repeat:no-repeat;background-image:url(&quot;data:image\/svg+xml;charset=utf-8,%3Csvg xmlns='http:\/\/www.w3.org\/2000\/svg' %3E%3Cfilter id='b' color-interpolation-filters='sRGB'%3E%3CfeGaussianBlur stdDeviation='20'\/%3E%3CfeColorMatrix values='1 0 0 0 0 0 1 0 0 0 0 0 1 0 0 0 0 0 100 -1' result='s'\/%3E%3CfeFlood x='0' y='0' width='100%25' height='100%25'\/%3E%3CfeComposite operator='out' in='s'\/%3E%3CfeComposite in2='SourceGraphic'\/%3E%3CfeGaussianBlur stdDeviation='20'\/%3E%3C\/filter%3E%3Cimage width='100%25' height='100%25' x='0' y='0' preserveAspectRatio='none' style='filter: url(%23b);' href='https:\/\/pictures.laprovence.com\/cdn-cgi\/image\/blur=250\/media\/melody\/2025\/12\/03\/la-raclette-au-chalet-des-amis-1764786414_2450fe380f2969390fe380f299ec0fv_.jpg'\/%3E%3C\/svg%3E&quot;)\"   src=\"https:\/\/www.europesays.com\/fr\/wp-content\/uploads\/2025\/12\/la-raclette-au-chalet-des-amis-1764786414_2450fe380f2969390fe380f299ec0fv_.jpg\"\/>La raclette au Chalet des Amis. \/ PHOTO DR<\/p>\n<p>L\u2019\u00e9quipe de la <a href=\"https:\/\/www.laprovence.com\/article\/sortie-loisirs\/47912343106684\/la-cabane-des-amis-lance-sa-saison-estivale-a-marseille\" target=\"_blank\" rel=\"noopener\">Cabane des Amis<\/a> a imagin\u00e9 ce lieu festif pour l\u2019hiver o\u00f9 on peut enfiler \u00e0 la fois tenue de ski et robe \u00e0 paillettes. Dans les assiettes 250\u00a0g de raclette par personne, de la charcuterie ou du saumon fum\u00e9, des pommes de terre et de la salade (27\u20ac), et un suppl\u00e9ment pour la version \u00e0 la truffe, au poivre ou \u00e0 l\u2019ail des ours. Une fois la raclette engloutie dans le grand r\u00e9fectoire, on danse dans un petit salon vitr\u00e9 avec DJ sur des sons house, tech house ou techno.<\/p>\n<p><strong>Format raclette \u00e0 table uniquement sur r\u00e9servation le jeudi de 19h \u00e0 2h et le dimanche de 12h \u00e0 21h. 81 avenue de la Pointe Rouge (8e). Lien de r\u00e9servation sur le compte instagram www.instagram.com\/lechaletdesamis.marseille<\/strong>&#13;\n<\/p>\n<p>La rustique\u00a0: Le march\u00e9 des Argonautes<\/p>\n<p>Tous les lundis soir, par l\u2019odeur all\u00e9ch\u00e9, on p\u00e9n\u00e8tre dans<a href=\"https:\/\/laprovence.com\/article\/economie\/1445142626214614\/marseille-la-mue-des-argonautes-vers-de-vraies-halles-locales\" target=\"_blank\" rel=\"noopener\"> le march\u00e9 des Argonautes<\/a> sur le boulevard Longchamp, non plus pour faire ses emplettes, mais pour se rassasier d\u2019une raclette \u00e0 volont\u00e9. Sur les tonneaux et tables hautes, avec bougies, et au milieu de la cave \u00e0 vin (r\u00e9put\u00e9e dans le quartier), on d\u00e9guste du fromage \u00e0 raclette au lait cru AOP et du morbier affin\u00e9 dans un bunker de l\u2019ancienne ligne Maginot, avec leurs pommes de terre.<\/p>\n<p><img alt=\"La raclette \u00e0 volont\u00e9 et en mode self-service aux Argonautes.\" loading=\"lazy\" decoding=\"async\" data-nimg=\"fill\" class=\" TwicCore_img__i9TC1 undefined  undefined\" style=\"position:absolute;height:100%;width:100%;left:0;top:0;right:0;bottom:0;color:transparent;background-size:cover;background-position:50% 50%;background-repeat:no-repeat;background-image:url(&quot;data:image\/svg+xml;charset=utf-8,%3Csvg xmlns='http:\/\/www.w3.org\/2000\/svg' %3E%3Cfilter id='b' color-interpolation-filters='sRGB'%3E%3CfeGaussianBlur stdDeviation='20'\/%3E%3CfeColorMatrix values='1 0 0 0 0 0 1 0 0 0 0 0 1 0 0 0 0 0 100 -1' result='s'\/%3E%3CfeFlood x='0' y='0' width='100%25' height='100%25'\/%3E%3CfeComposite operator='out' in='s'\/%3E%3CfeComposite in2='SourceGraphic'\/%3E%3CfeGaussianBlur stdDeviation='20'\/%3E%3C\/filter%3E%3Cimage width='100%25' height='100%25' x='0' y='0' preserveAspectRatio='none' style='filter: url(%23b);' href='https:\/\/pictures.laprovence.com\/cdn-cgi\/image\/blur=250\/media\/melody\/2025\/12\/03\/la-raclette-a-volonte-et-en-mode-self-service-aux-argonautes-1764786414_2cad043a0039610bd043a0039f3bd0v_.jpg'\/%3E%3C\/svg%3E&quot;)\"   src=\"https:\/\/www.europesays.com\/fr\/wp-content\/uploads\/2025\/12\/la-raclette-a-volonte-et-en-mode-self-service-aux-argonautes-1764786414_2cad043a0039610bd043a0039f3b.jpeg\"\/>La raclette \u00e0 volont\u00e9 et en mode self-service aux Argonautes. A.K.<\/p>\n<p>Pour 14\u20ac, on peut se servir \u00e0 volont\u00e9, en se rendant aupr\u00e8s des appareils \u00e0 raclette traditionnels qui font fondre, sous leurs rampes chauffantes, les demi-meules que l\u2019on racle \u00e0 la cuill\u00e8re. Pour 5\u20ac, on ajoute l\u2019assiette de charcuterie et 2\u20ac, les cornichons et la salade. L\u2019adresse est si pris\u00e9e qu\u2019il faut imp\u00e9rativement r\u00e9server.<\/p>\n<p><strong>Les lundis soir jusqu\u2019en mars de 20h \u00e0 23h. 33 bd Longchamp (1er). R\u00e9servation 04\u00a013\u00a041\u00a059\u00a020.<\/strong>&#13;\n<\/p>\n<p>La luxueuse\u00a0: L\u2019Intercontinental H\u00f4tel Dieu<\/p>\n<p>Quatre bulles transparentes chauff\u00e9es et d\u00e9cor\u00e9es avec soin, install\u00e9es dehors, face \u00e0 la Bonne M\u00e8re. C\u2019est le concept f\u00e9erique que propose <a href=\"https:\/\/www.laprovence.com\/article\/food\/1966732657348514\/lintercontinental-recoit-le-diner-solidaire-des-80-ans-du-secours-populaire-a-marseille\" target=\"_blank\" rel=\"noopener\">l\u2019h\u00f4tel Intercontinental <\/a>sur sa terrasse agr\u00e9ment\u00e9e de sapins illumin\u00e9s et d\u2019une t\u00e9l\u00e9cabine originale.<\/p>\n<p><img alt=\"Raclette \u00e0 l'Intercontinental.\" loading=\"lazy\" decoding=\"async\" data-nimg=\"fill\" class=\" TwicCore_img__i9TC1 undefined  undefined\" style=\"position:absolute;height:100%;width:100%;left:0;top:0;right:0;bottom:0;color:transparent;background-size:cover;background-position:50% 50%;background-repeat:no-repeat;background-image:url(&quot;data:image\/svg+xml;charset=utf-8,%3Csvg xmlns='http:\/\/www.w3.org\/2000\/svg' %3E%3Cfilter id='b' color-interpolation-filters='sRGB'%3E%3CfeGaussianBlur stdDeviation='20'\/%3E%3CfeColorMatrix values='1 0 0 0 0 0 1 0 0 0 0 0 1 0 0 0 0 0 100 -1' result='s'\/%3E%3CfeFlood x='0' y='0' width='100%25' height='100%25'\/%3E%3CfeComposite operator='out' in='s'\/%3E%3CfeComposite in2='SourceGraphic'\/%3E%3CfeGaussianBlur stdDeviation='20'\/%3E%3C\/filter%3E%3Cimage width='100%25' height='100%25' x='0' y='0' preserveAspectRatio='none' style='filter: url(%23b);' href='https:\/\/pictures.laprovence.com\/cdn-cgi\/image\/blur=250\/media\/melody\/2025\/12\/03\/intercontinental-marseille-mariam-kocharyan-1764786416_864e9d040f2969b4e9d040f29bf4e9v_.jpg'\/%3E%3C\/svg%3E&quot;)\"   src=\"https:\/\/www.europesays.com\/fr\/wp-content\/uploads\/2025\/12\/intercontinental-marseille-mariam-kocharyan-1764786416_864e9d040f2969b4e9d040f29bf4e9v_.jpg\"\/>Raclette \u00e0 l&rsquo;Intercontinental. Photo Mariam Kocharyan<\/p>\n<p>Un cadre alpin chic, que l\u2019\u00e9tablissement de luxe marseillais instaure pour la deuxi\u00e8me ann\u00e9e avec son partenaire champagne Barons de Rothschild. On d\u00e9guste dans les bulles privatis\u00e9es pour 2 ou 4 personnes une raclette gourmande (89\u20ac par personne).<\/p>\n<p>Au menu\u00a0: coupe de champagne, raclette traditionnelle avec charcuterie des Alpes, Mont-Blanc en dessert et des boissons chaudes. \u00c0 noter des menus sp\u00e9ciaux avec raclette \u00e0 la truffe et champagne pour le 24\u00a0d\u00e9cembre (160\u20ac) et le 31\u00a0d\u00e9cembre (200\u20ac).<\/p>\n<p><strong>Tous les jours de 19h30 \u00e0 minuit. Jusqu\u2019au 1er\u00a0mars. 1 place Daviel (2e). R\u00e9servation obligatoire\u00a0: marseille.intercontinental.com\/raclette<\/strong>&#13;\n<\/p>\n<p>L\u2019\u00e9ph\u00e9m\u00e8re\u00a0: La Meulerie Raclette Club<\/p>\n<p>Le concept des bulles pour partager une raclette entre amis ou en amoureux fait des \u00e9mules. Ici, les bulles ne sont pas chauff\u00e9es (pr\u00e9voir des v\u00eatements chauds\u2026 comme au ski) et sont face \u00e0 la mer\u00a0! Un cadre original pour d\u00e9guster le plat hivernal par excellence.<\/p>\n<p><img alt=\"La Meulerie Raclette Club aux Terrasses du Port.\" loading=\"lazy\" decoding=\"async\" data-nimg=\"fill\" class=\" TwicCore_img__i9TC1 undefined  undefined\" style=\"position:absolute;height:100%;width:100%;left:0;top:0;right:0;bottom:0;color:transparent;background-size:cover;background-position:50% 50%;background-repeat:no-repeat;background-image:url(&quot;data:image\/svg+xml;charset=utf-8,%3Csvg xmlns='http:\/\/www.w3.org\/2000\/svg' %3E%3Cfilter id='b' color-interpolation-filters='sRGB'%3E%3CfeGaussianBlur stdDeviation='20'\/%3E%3CfeColorMatrix values='1 0 0 0 0 0 1 0 0 0 0 0 1 0 0 0 0 0 100 -1' result='s'\/%3E%3CfeFlood x='0' y='0' width='100%25' height='100%25'\/%3E%3CfeComposite operator='out' in='s'\/%3E%3CfeComposite in2='SourceGraphic'\/%3E%3CfeGaussianBlur stdDeviation='20'\/%3E%3C\/filter%3E%3Cimage width='100%25' height='100%25' x='0' y='0' preserveAspectRatio='none' style='filter: url(%23b);' href='https:\/\/pictures.laprovence.com\/cdn-cgi\/image\/blur=250\/media\/melody\/2025\/12\/03\/la-meulerie-racletteclub-1764786417_bbce6f9410396d61f6f9410396c1f6v_.jpg'\/%3E%3C\/svg%3E&quot;)\"   src=\"https:\/\/www.europesays.com\/fr\/wp-content\/uploads\/2025\/12\/la-meulerie-racletteclub-1764786417_bbce6f9410396d61f6f9410396c1f6v_.jpg\"\/>La Meulerie Raclette Club aux Terrasses du Port. Photo SADIK SANS VOLTAIRE<\/p>\n<p>La c\u00e9l\u00e8bre fromagerie marseillaise <a href=\"https:\/\/www.laprovence.com\/article\/region\/9661677716714414\/la-success-story-continue-pour-la-fromagerie-marseillaise-la-meulerie-avec-une-quatrieme-boutique-a-la-rentree\" target=\"_blank\" rel=\"noopener\">La Meulerie de Driss Azzoug <\/a>installe un restaurant \u00e9ph\u00e9m\u00e8re pour la premi\u00e8re fois aux Terrasses du Port au niveau R2 en ext\u00e9rieur. Au menu\u00a0: une raclette fondante (28\u20ac) nature, fum\u00e9e, trois poivres ou ail des ours, avec de la charcuterie (option veggie ou halal possible) et salade. Le lieu ouvre ce jeudi 4\u00a0d\u00e9cembre et affiche d\u00e9j\u00e0 complet sur certains jours et cr\u00e9neaux mais de nouvelles dispos vont ouvrir\u00a0: restez aux aguets pour r\u00e9server\u00a0! Sinon, un chalet propose aussi de la vente \u00e0 emporter.<\/p>\n<p><strong>Du mardi au dimanche avec 4 services\u00a0: 12h, 14h, 19h et 21h. Les Terrasses du Port, 9 quai du Lazaret (2e). Jusqu\u2019au 4\u00a0janvier. R\u00e9servation obligatoire sur www.billetweb.fr\/la-meulerie-raclette-club-les-terrasses-du-port<\/strong>&#13;\n<\/p>\n<p>La conviviale\u00a0: La Chouette 1800 \u00e0 La Ciotat<\/p>\n<p>Pour la troisi\u00e8me ann\u00e9e, La Vieille Chouette, le restaurant qui se trouve aux abords de la gare de La Ciotat, se transforme pour l\u2019hiver en station de ski et devient <a href=\"https:\/\/www.laprovence.com\/article\/sortie-loisirs\/18054198242647\/telecabines-chalet-en-bois-skis-a-la-ciotat-un-restaurant-d-altitude-insolite\" target=\"_blank\" rel=\"noopener\">\u00ab\u00a0Chouette 1800\u00a0\u00bb<\/a>. Un vrai restaurant d\u2019altitude avec la d\u00e9co montagnarde, des raclettes r\u00e9confortantes, un espace au coin du feu, un chalet \u00e0 la d\u00e9co kitsch et des t\u00e9l\u00e9cabines de quatre \u00e0 six personnes. \u00ab\u00a0Tous les ans, une soci\u00e9t\u00e9 \u00e9v\u00e9nementielle de Savoie nous livre d\u2019anciennes t\u00e9l\u00e9cabines restaur\u00e9es et nous les d\u00e9pose sur la terrasse, \u00e0 l\u2019aide d\u2019une grue\u00a0\u00bb, explique\u00a0Fred Rostand qui g\u00e8re avec Thomas Lemal cette adresse d\u00e9cal\u00e9e.<\/p>\n<p><img alt=\"Aux abords de la gare de La Ciotat, le restaurant La vieille chouette se transforme en Chouette 1800, une station de ski, en plein soleil m\u00e9diterran\u00e9en.\" loading=\"lazy\" decoding=\"async\" data-nimg=\"fill\" class=\" TwicCore_img__i9TC1 undefined  undefined\" style=\"position:absolute;height:100%;width:100%;left:0;top:0;right:0;bottom:0;color:transparent;background-size:cover;background-position:50% 50%;background-repeat:no-repeat;background-image:url(&quot;data:image\/svg+xml;charset=utf-8,%3Csvg xmlns='http:\/\/www.w3.org\/2000\/svg' %3E%3Cfilter id='b' color-interpolation-filters='sRGB'%3E%3CfeGaussianBlur stdDeviation='20'\/%3E%3CfeColorMatrix values='1 0 0 0 0 0 1 0 0 0 0 0 1 0 0 0 0 0 100 -1' result='s'\/%3E%3CfeFlood x='0' y='0' width='100%25' height='100%25'\/%3E%3CfeComposite operator='out' in='s'\/%3E%3CfeComposite in2='SourceGraphic'\/%3E%3CfeGaussianBlur stdDeviation='20'\/%3E%3C\/filter%3E%3Cimage width='100%25' height='100%25' x='0' y='0' preserveAspectRatio='none' style='filter: url(%23b);' href='https:\/\/pictures.laprovence.com\/cdn-cgi\/image\/blur=250\/media\/melody\/2025\/12\/03\/aux-abords-de-la-gare-le-restaurant-la-vieille-chouette-se-transforme-en-chouette-1800-une-station-d-1764786417_f764d0c24c196a694d0c24c191b94dv_.jpg'\/%3E%3C\/svg%3E&quot;)\"   src=\"https:\/\/www.europesays.com\/fr\/wp-content\/uploads\/2025\/12\/aux-abords-de-la-gare-le-restaurant-la-vieille-chouette-se-transforme-en-chouette-1800-une-station-d.jpeg\"\/>Aux abords de la gare de La Ciotat, le restaurant La vieille chouette se transforme en Chouette 1800, une station de ski, en plein soleil m\u00e9diterran\u00e9en. PHOTO L.T.<\/p>\n<p>Trois types de raclette sont propos\u00e9s \u00e0 la carte en collaboration avec la fromagerie marseillaise La Meulerie\u00a0: la raclette 1800 avec pommes de terre, charcuterie de Tallard et raclette nature (32\u20ac par personne), la raclette 2000 avec raclette nature et \u00e0 l\u2019ail des ours (34\u20ac par personne) et la raclette 2100 avec la version nature et \u00e0 la truffe (36\u20ac par personne).<\/p>\n<p><strong>Tous les jours midi et soir jusqu\u2019\u00e0 fin mars. Avenue de la Gare \u00e0 La Ciotat. R\u00e9servation 04\u00a042\u00a032\u00a036\u00a039.<\/strong>&#13;\n<\/p>\n<p><script async src=\"\/\/www.instagram.com\/embed.js\"><\/script><\/p>\n","protected":false},"excerpt":{"rendered":"La festive\u00a0: Le Chalet des Amis Manger une raclette et faire la f\u00eate pour dig\u00e9rer, voici la recette&hellip;\n","protected":false},"author":2,"featured_media":576103,"comment_status":"","ping_status":"","sticky":false,"template":"","format":"standard","meta":{"footnotes":""},"categories":[2814],"tags":[17,1111,11,17888,3216,1993,1777,674,1011,27,2831,26653,884,12,471,882,54962,25,96],"class_list":{"0":"post-576102","1":"post","2":"type-post","3":"status-publish","4":"format-standard","5":"has-post-thumbnail","7":"category-marseille","8":"tag-17","9":"tag-actu","10":"tag-actualites","11":"tag-adresses","12":"tag-cinq","13":"tag-comme","14":"tag-eu","15":"tag-europe","16":"tag-fr","17":"tag-france","18":"tag-loisirs-traditions","19":"tag-manger","20":"tag-marseille","21":"tag-news","22":"tag-pour","23":"tag-provence-alpes-cote-dazur","24":"tag-raclette","25":"tag-republique-francaise","26":"tag-une"},"share_on_mastodon":{"url":"https:\/\/pubeurope.com\/@fr\/115657559866013429","error":""},"_links":{"self":[{"href":"https:\/\/www.europesays.com\/fr\/wp-json\/wp\/v2\/posts\/576102","targetHints":{"allow":["GET"]}}],"collection":[{"href":"https:\/\/www.europesays.com\/fr\/wp-json\/wp\/v2\/posts"}],"about":[{"href":"https:\/\/www.europesays.com\/fr\/wp-json\/wp\/v2\/types\/post"}],"author":[{"embeddable":true,"href":"https:\/\/www.europesays.com\/fr\/wp-json\/wp\/v2\/users\/2"}],"replies":[{"embeddable":true,"href":"https:\/\/www.europesays.com\/fr\/wp-json\/wp\/v2\/comments?post=576102"}],"version-history":[{"count":0,"href":"https:\/\/www.europesays.com\/fr\/wp-json\/wp\/v2\/posts\/576102\/revisions"}],"wp:featuredmedia":[{"embeddable":true,"href":"https:\/\/www.europesays.com\/fr\/wp-json\/wp\/v2\/media\/576103"}],"wp:attachment":[{"href":"https:\/\/www.europesays.com\/fr\/wp-json\/wp\/v2\/media?parent=576102"}],"wp:term":[{"taxonomy":"category","embeddable":true,"href":"https:\/\/www.europesays.com\/fr\/wp-json\/wp\/v2\/categories?post=576102"},{"taxonomy":"post_tag","embeddable":true,"href":"https:\/\/www.europesays.com\/fr\/wp-json\/wp\/v2\/tags?post=576102"}],"curies":[{"name":"wp","href":"https:\/\/api.w.org\/{rel}","templated":true}]}}