{"id":576104,"date":"2025-12-03T20:37:16","date_gmt":"2025-12-03T20:37:16","guid":{"rendered":"https:\/\/www.europesays.com\/fr\/576104\/"},"modified":"2025-12-03T20:37:16","modified_gmt":"2025-12-03T20:37:16","slug":"a-marseille-17-marins-pompiers-et-le-drapeau-du-bataillon-honores","status":"publish","type":"post","link":"https:\/\/www.europesays.com\/fr\/576104\/","title":{"rendered":"\u00c0 Marseille, 17 marins-pompiers et le drapeau du Bataillon honor\u00e9s"},"content":{"rendered":"<p>5h30 du matin le 26\u00a0octobre\u00a02024. Des flammes s\u2019\u00e9l\u00e8vent dans la nuit au-dessus de la <a href=\"https:\/\/www.laprovence.com\/article\/region\/1046000008318815\/un-important-incendie-se-declare-a-proximite-de-la-rue-daubagne-a-marseille\" target=\"_blank\" rel=\"noopener\">rue Pollak<\/a>, dans le 1er arrondissement de Marseille. Lorsqu\u2019ils arrivent dans le quartier de <a href=\"https:\/\/www.laprovence.com\/article\/societe\/58042237418831\/le-quartier-de-noailles-vu-par-ceux-qui-y-vivent-et-y-travaillent\" target=\"_blank\" rel=\"noopener\">Noailles<\/a> quelques minutes plus tard, les premiers marins-pompiers mobilis\u00e9s mesurent tr\u00e8s vite que l\u2019intervention s\u2019annonce ardue. Le rideau de fer qui prot\u00e8ge l\u2019\u00e9picerie en proie au feu emp\u00eache aussi les secours d\u2019y p\u00e9n\u00e9trer.<\/p>\n<p>Tandis qu\u2019au rez-de-chauss\u00e9e s\u2019\u00e9chappent du magasin de la fum\u00e9e et des flammes, des occupants de l\u2019immeuble sont coinc\u00e9s aux \u00e9tages sup\u00e9rieurs. Il faut les \u00e9vacuer d\u2019urgence, mais aussi \u00e9viter la propagation aux b\u00e2timents voisins d\u00e9j\u00e0 envelopp\u00e9s d\u2019\u00e9paisses fum\u00e9es.<\/p>\n<p>Un miracle gr\u00e2ce au pragmatisme des secours<\/p>\n<p>Le capitaine de fr\u00e9gate Guillaume qui commande les op\u00e9rations de secours cette nuit-l\u00e0, et ses effectifs doivent d\u00e9cider vite et bien, sauver des vies et les meubles.<\/p>\n<p>Au final, 11 personnes seront \u00e9vacu\u00e9es et prises en charge sur place sans que leur \u00e9tat ne n\u00e9cessite aucun transport \u00e0 l\u2019h\u00f4pital. Presque un miracle au vu de la violence du sinistre qui avait fini par se propager aux 1er et 2e \u00e9tages de l\u2019immeuble d\u2019o\u00f9 \u00e9tait parti le <a href=\"https:\/\/www.laprovence.com\/article\/faits-divers-justice\/1152839352338514\/incendie-dans-un-batiment-d-habitation-de-4-etages-aux-balustres-dans-le-13e-arrondissement-de-marseille\" target=\"_blank\" rel=\"noopener\">feu<\/a>. En tout, quelque 80 marins-pompiers et 22 v\u00e9hicules avaient \u00e9t\u00e9 mobilis\u00e9s pour venir \u00e0 bout du sinistre.<\/p>\n<p>Le drapeau honor\u00e9 dans son ensemble<\/p>\n<p>En d\u00e9but de semaine, 17 d\u2019entre eux, dont le capitaine de fr\u00e9gate Guillaume, ont \u00e9t\u00e9 m\u00e9daill\u00e9s lors d\u2019une tr\u00e8s officielle c\u00e9r\u00e9monie organis\u00e9e au palais du Pharo \u00e0 laquelle assistaient le maire de Marseille <a href=\"https:\/\/www.laprovence.com\/article\/region\/1340953227329715\/prise-de-fonction-du-nouveau-prefet-de-region-castaner-cherche-sa-place-payan-passe-en-revue-les-troupes\" target=\"_blank\" rel=\"noopener\">Beno\u00eet Payan<\/a> et le vice-amiral Lionel Mathieu, mais aussi le nouveau pr\u00e9fet de R\u00e9gion <a href=\"https:\/\/www.laprovence.com\/article\/faits-divers-justice\/76074657057034\/marseille-le-prefet-de-region-au-contact-a-la-cite-des-flamants\" target=\"_blank\" rel=\"noopener\">Jacques Witkowski <\/a>et le pr\u00e9fet maritime de M\u00e9diterran\u00e9e et vice-amiral d\u2019escadre <a href=\"https:\/\/www.laprovence.com\/article\/region\/4391295995918714\/a-la-ciotat-la-snsm-a-celebre-larrivee-de-son-nouveau-navire-hauturier\" target=\"_blank\" rel=\"noopener\">Christophe Lucas<\/a>.<\/p>\n<p>Mais c\u2019est aussi l\u2019ensemble du Bataillon qui a \u00e9t\u00e9 distingu\u00e9 pour sa mobilisation l\u2019\u00e9t\u00e9 dernier contre les feux de for\u00eat qui ont n\u00e9cessit\u00e9 pas moins de 365 interventions pour \u00ab\u00a0<a href=\"https:\/\/www.laprovence.com\/article\/politique\/10461684149683\/incendie-en-juillet-aux-pennes-mirabeau-et-a-lestaque-les-deputes-lhardit-et-pena-reclament-une-commission-denquete\" target=\"_blank\" rel=\"noopener\">feu de v\u00e9g\u00e9tation<\/a>\u201d. Le drapeau s\u2019est ainsi vu remettre la m\u00e9daille d\u2019honneur pour acte de courage et de d\u00e9vouement.<\/p>\n","protected":false},"excerpt":{"rendered":"5h30 du matin le 26\u00a0octobre\u00a02024. Des flammes s\u2019\u00e9l\u00e8vent dans la nuit au-dessus de la rue Pollak, dans le&hellip;\n","protected":false},"author":2,"featured_media":576105,"comment_status":"","ping_status":"","sticky":false,"template":"","format":"standard","meta":{"footnotes":""},"categories":[2814],"tags":[17,1111,11,7692,12159,1777,674,274,1011,27,64692,18640,884,12,882,25],"class_list":{"0":"post-576104","1":"post","2":"type-post","3":"status-publish","4":"format-standard","5":"has-post-thumbnail","7":"category-marseille","8":"tag-17","9":"tag-actu","10":"tag-actualites","11":"tag-bataillon","12":"tag-drapeau","13":"tag-eu","14":"tag-europe","15":"tag-faits-divers-justice","16":"tag-fr","17":"tag-france","18":"tag-honores","19":"tag-marins-pompiers","20":"tag-marseille","21":"tag-news","22":"tag-provence-alpes-cote-dazur","23":"tag-republique-francaise"},"share_on_mastodon":{"url":"https:\/\/pubeurope.com\/@fr\/115657562176579214","error":""},"_links":{"self":[{"href":"https:\/\/www.europesays.com\/fr\/wp-json\/wp\/v2\/posts\/576104","targetHints":{"allow":["GET"]}}],"collection":[{"href":"https:\/\/www.europesays.com\/fr\/wp-json\/wp\/v2\/posts"}],"about":[{"href":"https:\/\/www.europesays.com\/fr\/wp-json\/wp\/v2\/types\/post"}],"author":[{"embeddable":true,"href":"https:\/\/www.europesays.com\/fr\/wp-json\/wp\/v2\/users\/2"}],"replies":[{"embeddable":true,"href":"https:\/\/www.europesays.com\/fr\/wp-json\/wp\/v2\/comments?post=576104"}],"version-history":[{"count":0,"href":"https:\/\/www.europesays.com\/fr\/wp-json\/wp\/v2\/posts\/576104\/revisions"}],"wp:featuredmedia":[{"embeddable":true,"href":"https:\/\/www.europesays.com\/fr\/wp-json\/wp\/v2\/media\/576105"}],"wp:attachment":[{"href":"https:\/\/www.europesays.com\/fr\/wp-json\/wp\/v2\/media?parent=576104"}],"wp:term":[{"taxonomy":"category","embeddable":true,"href":"https:\/\/www.europesays.com\/fr\/wp-json\/wp\/v2\/categories?post=576104"},{"taxonomy":"post_tag","embeddable":true,"href":"https:\/\/www.europesays.com\/fr\/wp-json\/wp\/v2\/tags?post=576104"}],"curies":[{"name":"wp","href":"https:\/\/api.w.org\/{rel}","templated":true}]}}