{"id":576106,"date":"2025-12-03T20:38:13","date_gmt":"2025-12-03T20:38:13","guid":{"rendered":"https:\/\/www.europesays.com\/fr\/576106\/"},"modified":"2025-12-03T20:38:13","modified_gmt":"2025-12-03T20:38:13","slug":"le-cri-dalarme-des-structures-dinsertion","status":"publish","type":"post","link":"https:\/\/www.europesays.com\/fr\/576106\/","title":{"rendered":"le cri d\u2019alarme des structures d\u2019insertion"},"content":{"rendered":"<p>\u00ab\u00a0Une baisse des subventions de 14\u00a0% telle qu\u2019annonc\u00e9e, ce serait 80 emplois\u00a0menac\u00e9s chez Unis vers l\u2019emploi\u00a0\u00bb, expose St\u00e9phane Charles, directeur g\u00e9n\u00e9ral de l\u2019organisation qui accompagne 600 salari\u00e9s en parcours d\u2019insertion.<\/p>\n<p>Ce mercredi, les repr\u00e9sentants de 85 structures de Lyon et du Rh\u00f4ne se sont exprim\u00e9s d\u2019une seule voix \u00e0 Villeurbanne pour dire leurs craintes alors que les s\u00e9nateurs planchent cette semaine sur le projet de loi de&#8230;<\/p>\n","protected":false},"excerpt":{"rendered":"\u00ab\u00a0Une baisse des subventions de 14\u00a0% telle qu\u2019annonc\u00e9e, ce serait 80 emplois\u00a0menac\u00e9s chez Unis vers l\u2019emploi\u00a0\u00bb, expose St\u00e9phane&hellip;\n","protected":false},"author":2,"featured_media":576107,"comment_status":"","ping_status":"","sticky":false,"template":"","format":"standard","meta":{"footnotes":""},"categories":[1889],"tags":[1111,11,2430,2757,341,1777,674,107,1011,27,2428,12,316,25,2429,801,6345,6346],"class_list":{"0":"post-576106","1":"post","2":"type-post","3":"status-publish","4":"format-standard","5":"has-post-thumbnail","7":"category-lyon","8":"tag-actu","9":"tag-actualites","10":"tag-auvergne-rhone-alpes","11":"tag-edition-lyon-villeurbanne","12":"tag-emploi","13":"tag-eu","14":"tag-europe","15":"tag-fil-info","16":"tag-fr","17":"tag-france","18":"tag-lyon","19":"tag-news","20":"tag-politique","21":"tag-republique-francaise","22":"tag-rhone","23":"tag-social","24":"tag-villeurbanne","25":"tag-villeurbanne-bassin"},"share_on_mastodon":{"url":"https:\/\/pubeurope.com\/@fr\/115657566139219075","error":""},"_links":{"self":[{"href":"https:\/\/www.europesays.com\/fr\/wp-json\/wp\/v2\/posts\/576106","targetHints":{"allow":["GET"]}}],"collection":[{"href":"https:\/\/www.europesays.com\/fr\/wp-json\/wp\/v2\/posts"}],"about":[{"href":"https:\/\/www.europesays.com\/fr\/wp-json\/wp\/v2\/types\/post"}],"author":[{"embeddable":true,"href":"https:\/\/www.europesays.com\/fr\/wp-json\/wp\/v2\/users\/2"}],"replies":[{"embeddable":true,"href":"https:\/\/www.europesays.com\/fr\/wp-json\/wp\/v2\/comments?post=576106"}],"version-history":[{"count":0,"href":"https:\/\/www.europesays.com\/fr\/wp-json\/wp\/v2\/posts\/576106\/revisions"}],"wp:featuredmedia":[{"embeddable":true,"href":"https:\/\/www.europesays.com\/fr\/wp-json\/wp\/v2\/media\/576107"}],"wp:attachment":[{"href":"https:\/\/www.europesays.com\/fr\/wp-json\/wp\/v2\/media?parent=576106"}],"wp:term":[{"taxonomy":"category","embeddable":true,"href":"https:\/\/www.europesays.com\/fr\/wp-json\/wp\/v2\/categories?post=576106"},{"taxonomy":"post_tag","embeddable":true,"href":"https:\/\/www.europesays.com\/fr\/wp-json\/wp\/v2\/tags?post=576106"}],"curies":[{"name":"wp","href":"https:\/\/api.w.org\/{rel}","templated":true}]}}