{"id":576110,"date":"2025-12-03T20:41:12","date_gmt":"2025-12-03T20:41:12","guid":{"rendered":"https:\/\/www.europesays.com\/fr\/576110\/"},"modified":"2025-12-03T20:41:12","modified_gmt":"2025-12-03T20:41:12","slug":"miss-france-2026-mareva-michel-miss-ile-de-france-en-couple-avec-cyril-hanouna","status":"publish","type":"post","link":"https:\/\/www.europesays.com\/fr\/576110\/","title":{"rendered":"Miss France 2026 : Mareva Michel, Miss \u00cele-de-France, en couple avec Cyril Hanouna ?"},"content":{"rendered":"<p>\u00c0 quelques semaines de l\u2019\u00e9lection <a href=\"https:\/\/www.public.fr\/tag\/miss-france\" target=\"_blank\" rel=\"noopener\">Miss France 2026<\/a>, le nom de Mareva Michel circule partout, et pas seulement pour son charisme ou son \u00e9l\u00e9gance. En effet, Miss \u00cele-de-France 2025 fait face \u00e0 une rumeur persistante : serait-elle en couple avec <a href=\"https:\/\/www.public.fr\/tag\/cyril-hanouna\" target=\"_blank\" rel=\"noopener\">Cyril Hanouna<\/a> ? L\u2019origine du bruit remonte \u00e0 une s\u00e9quence diffus\u00e9e sur le plateau de <strong>TBT9<\/strong>, lorsque les chroniqueurs et l\u2019animateur ont comment\u00e9 la beaut\u00e9 de la jeune femme.\u00a0<\/p>\n<p>Mais loin de confirmer quoi que ce soit, Mareva Michel a vivement recadr\u00e9 les choses. Dans un entretien accord\u00e9 \u00e0 <a href=\"https:\/\/tvmag.lefigaro.fr\/programme-tv\/miss-france\/je-ne-connais-pas-cyril-hanouna-miss-ile-de-france-pour-miss-france-2026-amusee-par-la-rumeur-de-tout-beau-tout-n9uf-20251203\" target=\"_blank\" rel=\"noopener\">TV Mag<\/a>, elle d\u00e9clare avec un sourire amus\u00e9 : <strong>\u00ab\u00a0Je ne le connais pas\u00a0\u00bb<\/strong>. Elle n\u2019entretient aucun lien avec l\u2019animateur comme elle a souhait\u00e9 le clarifier.<\/p>\n<p>Cette rumeur a vu le jour suite \u00e0 la quotidienne du 18 novembre dernier sur W9. Dans ce num\u00e9ro, <a href=\"https:\/\/vsd.fr\/tag\/cyril-hanouna\/\" target=\"_blank\" rel=\"noopener\">Cyril Hanouna<\/a> et ses \u00e9quipes donnaient leur avis sur les 30 candidates de Miss France, en d\u00e9couvrant leurs portraits<\/p>\n<p>Cyril Hanouna laisse planer le doute quant \u00e0 son lien avec Mareva Michel, Miss \u00cele-de-France met fin aux rumeurs<\/p>\n<p>Parmi elles, Mareva Michel, Miss \u00cele-de-France 2025, qui avait donc suscit\u00e9 un certain int\u00e9r\u00eat.\u00a0\u00ab\u00a0Je l\u2019ai rencontr\u00e9e une fois avec Mokhtar,\u00a0il y a trois semaines au Stade Jean-Bouin pour un match de rugby\u00a0\u00bb, indiquait dans un premier temps le chroniqueur Olivier Dartigolles, avant d\u2019ajouter :\u00a0<strong>\u00ab\u00a0Elle est tr\u00e8s sympa et tr\u00e8s belle. Elle s\u2019entendrait tr\u00e8s bien avec vous\u00a0\u00bb.<\/strong><\/p>\n<p>N\u2019ayant aucune r\u00e9action apr\u00e8s ces d\u00e9clarations, Cyril Hanouna avait alors suscit\u00e9 l\u2019interrogation de ses \u00e9quipes. \u00ab\u00a0Mais vous la connaissez\u00a0?\u00a0\u00bb, lui demandait en effet G\u00e9raldine Maillet, alors qu\u2019Olivier Dartigolles rench\u00e9rissait : \u00ab\u00a0<strong>Regardez-moi Cyril, vous la connaissez\u00a0?\u00a0\u00bb<\/strong>. \u00ab\u00a0Je ne la connais pas, je vous jure que je ne l\u2019ai jamais vue de ma vie\u00a0\u00bb, assurait-il finalement, sourire aux l\u00e8vres et permettant aux rumeurs de voir le jour. Le lendemain, \u00ab\u00a0Baba\u00a0\u00bb voyait le sujet remis sur la table par Val\u00e9rie Bena\u00efm. \u00ab\u00a0Je ne connais pas Miss \u00cele-de-France et je ne l\u2019ai jamais connue. Vous \u00eates persuad\u00e9s que j\u2019ai eu une histoire avec elle il y a longtemps, avant qu\u2019elle devienne miss. Mais je ne la connais pas\u00a0\u00bb, lachait-il pour tenter de mettre fin \u00e0 ces histoires.\u00a0<\/p>\n<p>La principale int\u00e9ress\u00e9e a balay\u00e9, elle-m\u00eame, la rumeur d\u2019un revers de main. \u00ab\u00a0J\u2019ai eu des \u00e9chos de cette \u00e9mission en effet. Mais <strong>je ne connais pas du tout Cyril Hanouna<\/strong>\u00ab\u00a0, a assur\u00e9 Miss \u00cele-de-France 2025 \u00e0 nos confr\u00e8res de TV Mag. Celle-ci reconna\u00eet toutefois que cette histoire l\u2019a beaucoup amus\u00e9e, comme ses amis : \u00ab\u00a0Cela me fait rire de voir tout \u00e7a, surtout pendant mon aventure. Des amis m\u2019ont envoy\u00e9 des extraits pour s\u2019amuser. Ils m\u2019ont dit\u00a0: \u2018Regarde, tu es en train de passer dans \u00ab\u00a0Tout beau tout n9uf\u00a0\u00bb\u00a0!\u2019. Cela m\u2019a fait rire aussi\u00a0\u00bb.<\/p>\n<p>Qui est Mareva Michel, pr\u00e9tendante au titre Miss France 2026 ? <\/p>\n<p>Mareva Michel est \u00e2g\u00e9e de 21 ans. Apr\u00e8s avoir \u00e9t\u00e9 couronn\u00e9e Miss Yvelines en mai 2025, elle a \u00e9t\u00e9 \u00e9lue Miss \u00cele-de-France en septembre 2025. Un succ\u00e8s qui la propulse naturellement parmi les pr\u00e9tendantes au titre national.\u00a0<\/p>\n<p>\u00c9tudiante \u00e0 l\u2019ESSEC Business School, elle incarne l\u2019image d\u2019une candidate moderne : \u00e0 la fois ambitieuse, engag\u00e9e, et consciente des enjeux contemporains.\u00a0 Plusieurs m\u00e9dias soulignent aussi son d\u00e9sir de repr\u00e9senter une image diversifi\u00e9e de la beaut\u00e9, o\u00f9 l\u2019intelligence et les projets personnels comptent tout autant que l\u2019apparence physique.\u00a0<\/p>\n<p>Sur les podiums comme dans les m\u00e9dias, Mareva appara\u00eet comme une candidate cr\u00e9dible pour Miss France 2026 lors de l&rsquo;\u00e9lection <a href=\"https:\/\/www.public.fr\/miss-france-2026-au-zenith-damiens-les-fans-inconditionnels-du-concours-desesperent\" target=\"_blank\" rel=\"noopener\">le 6 d\u00e9cembre prochain \u00e0 Amiens<\/a>, loin des pol\u00e9miques et plus proche d\u2019un profil s\u00e9rieux, engag\u00e9 et r\u00e9fl\u00e9chi.<\/p>\n<p>\n          Hits &amp; People en continu\n        <\/p>\n<p>\n          Public Radio\n        <\/p>\n<p>      Mentionn\u00e9s dans cet article<\/p>\n<p>      Sur le m\u00eame sujet<\/p>\n","protected":false},"excerpt":{"rendered":"\u00c0 quelques semaines de l\u2019\u00e9lection Miss France 2026, le nom de Mareva Michel circule partout, et pas seulement&hellip;\n","protected":false},"author":2,"featured_media":576111,"comment_status":"","ping_status":"","sticky":false,"template":"","format":"standard","meta":{"footnotes":""},"categories":[1592],"tags":[1111,11,1193,1083,1777,674,1011,27,662,3034,12,626,25,22498,22497],"class_list":{"0":"post-576110","1":"post","2":"type-post","3":"status-publish","4":"format-standard","5":"has-post-thumbnail","7":"category-ile-de-france","8":"tag-actu","9":"tag-actualites","10":"tag-couple","11":"tag-cyril-hanouna","12":"tag-eu","13":"tag-europe","14":"tag-fr","15":"tag-france","16":"tag-ile-de-france","17":"tag-miss-france","18":"tag-news","19":"tag-paris","20":"tag-republique-francaise","21":"tag-tout-9-tbt9","22":"tag-tout-beau"},"share_on_mastodon":{"url":"https:\/\/pubeurope.com\/@fr\/115657577957733846","error":""},"_links":{"self":[{"href":"https:\/\/www.europesays.com\/fr\/wp-json\/wp\/v2\/posts\/576110","targetHints":{"allow":["GET"]}}],"collection":[{"href":"https:\/\/www.europesays.com\/fr\/wp-json\/wp\/v2\/posts"}],"about":[{"href":"https:\/\/www.europesays.com\/fr\/wp-json\/wp\/v2\/types\/post"}],"author":[{"embeddable":true,"href":"https:\/\/www.europesays.com\/fr\/wp-json\/wp\/v2\/users\/2"}],"replies":[{"embeddable":true,"href":"https:\/\/www.europesays.com\/fr\/wp-json\/wp\/v2\/comments?post=576110"}],"version-history":[{"count":0,"href":"https:\/\/www.europesays.com\/fr\/wp-json\/wp\/v2\/posts\/576110\/revisions"}],"wp:featuredmedia":[{"embeddable":true,"href":"https:\/\/www.europesays.com\/fr\/wp-json\/wp\/v2\/media\/576111"}],"wp:attachment":[{"href":"https:\/\/www.europesays.com\/fr\/wp-json\/wp\/v2\/media?parent=576110"}],"wp:term":[{"taxonomy":"category","embeddable":true,"href":"https:\/\/www.europesays.com\/fr\/wp-json\/wp\/v2\/categories?post=576110"},{"taxonomy":"post_tag","embeddable":true,"href":"https:\/\/www.europesays.com\/fr\/wp-json\/wp\/v2\/tags?post=576110"}],"curies":[{"name":"wp","href":"https:\/\/api.w.org\/{rel}","templated":true}]}}