{"id":576112,"date":"2025-12-03T20:42:18","date_gmt":"2025-12-03T20:42:18","guid":{"rendered":"https:\/\/www.europesays.com\/fr\/576112\/"},"modified":"2025-12-03T20:42:18","modified_gmt":"2025-12-03T20:42:18","slug":"des-centaines-deleveurs-mobilises-contre-labattage-massif-des-bovins","status":"publish","type":"post","link":"https:\/\/www.europesays.com\/fr\/576112\/","title":{"rendered":"des centaines d\u2019\u00e9leveurs mobilis\u00e9s contre l\u2019abattage massif des bovins"},"content":{"rendered":"<p>                      <img loading=\"lazy\" decoding=\"async\" src=\"https:\/\/www.europesays.com\/fr\/wp-content\/uploads\/2025\/12\/414807d_upload-1-uq4umbvzcv2l-maxnewsspecialtwo422781.jpg\" alt=\"Rassemblement de manifestants contre l\u2019abattage de vaches \u00e0 Pouilley-Fran\u00e7ais (Doubs), le 2\u00a0d\u00e9cembre\u00a02025.\"   width=\"664\" height=\"443\"\/>    Rassemblement de manifestants contre l\u2019abattage de vaches \u00e0 Pouilley-Fran\u00e7ais (Doubs), le 2\u00a0d\u00e9cembre\u00a02025.  ARNAUD CASTAGNE\/\u00ab L&rsquo;EST REPUBLICAIN \u00bb\/MAXPPP                        <\/p>\n<p class=\"article__paragraph  \">Des centaines d\u2019agriculteurs se sont mobilis\u00e9s, mercredi 3\u00a0d\u00e9cembre, dans plusieurs d\u00e9partements contre l\u2019abattage massif des troupeaux de bovins en cas de dermatose nodulaire contagieuse (DNC), r\u00e9clamant la fin du \u00ab\u00a0massacre\u00a0\u00bb au lendemain d\u2019une euthanasie tr\u00e8s contest\u00e9e dans une ferme du Doubs.<\/p>\n<p class=\"article__paragraph  \">En Lot-et-Garonne, dans la Creuse, les Landes, l\u2019Aveyron ou en Dordogne, des appels \u00e0 manifester devant les pr\u00e9fectures ont \u00e9t\u00e9 lanc\u00e9s ces derni\u00e8res heures par la Conf\u00e9d\u00e9ration paysanne (CP) et la Coordination rurale (CR), deux syndicats aux positions souvent oppos\u00e9es mais unis pour d\u00e9noncer cette politique d\u2019abattage total.<\/p>\n<p class=\"article__paragraph  \">Pour stopper la maladie, transmise par des insectes piqueurs mais qui n\u2019atteint pas l\u2019homme, les autorit\u00e9s ont impos\u00e9 d\u2019abattre toutes les b\u00eates d\u2019un troupeau vivant ensemble d\u00e8s qu\u2019un cas \u00e9tait d\u00e9tect\u00e9. \u00ab\u00a0L\u2019Etat tue nos vaches et nos \u00e9leveurs\u00a0\u00bb, \u00ab\u00a0Pas touche \u00e0 nos troupeaux\u00a0\u00bb, pouvait-on lire sur des banderoles d\u00e9ploy\u00e9es devant la pr\u00e9fecture de Lot-et-Garonne, o\u00f9 environ 70 personnes \u00e9taient mobilis\u00e9es selon les organisateurs et la police.<\/p>\n<p>                                     Lire aussi |  Article r\u00e9serv\u00e9 \u00e0 nos abonn\u00e9s  <a href=\"https:\/\/www.lemonde.fr\/planete\/article\/2025\/08\/28\/pourquoi-l-abattage-total-est-il-impose-face-a-la-dermatose-nodulaire-contagieuse-qui-touche-les-elevages-bovins_6636807_3244.html\" class=\"js-article-read-also catcher--favoris__link\" data-premium=\"1\" id=\"article-title-3435679\" target=\"_blank\" rel=\"noopener\">Pourquoi l\u2019abattage total est-il impos\u00e9 face \u00e0 la dermatose nodulaire contagieuse, qui touche les \u00e9levages bovins\u00a0?<\/a>    <\/p>\n<p>   Lire plus tard  <\/p>\n<p class=\"article__paragraph  \">Un veau mort a \u00e9t\u00e9 accroch\u00e9 \u00e0 la grille de la pr\u00e9fecture d\u2019Agen, avec la mention \u00ab\u00a0Stop au massacre\u00a0\u00bb,<a href=\"https:\/\/www.lemonde.fr\/planete\/article\/2025\/12\/02\/dans-le-doubs-un-troupeau-de-vaches-abattu-au-nom-de-la-dermatose-malgre-la-mobilisation_6655719_3244.html\" target=\"_blank\" rel=\"noopener\"> en r\u00e9action \u00e0 l\u2019abattage de 83 bovins dans une ferme du Doubs, pourtant vaccin\u00e9s, qui a donn\u00e9 lieu mardi \u00e0 une intense mobilisation agricole avec environ 300 manifestants<\/a>. Une centaine de manifestants avaient aussi tent\u00e9 lundi de s\u2019opposer \u00e0 l\u2019abattage d\u2019environ 80 bovins dans les Pyr\u00e9n\u00e9es-Orientales.<\/p>\n<p>                  \u00ab\u00a0Gestion inhumaine\u00a0\u00bb                  <\/p>\n<p class=\"article__paragraph  \">Marion Debats, \u00e9leveuse et porte-parole de la CP de Lot-et-Garonne, a d\u00e9plor\u00e9 mercredi une \u00ab\u00a0gestion inhumaine\u00a0\u00bb et appel\u00e9 \u00e0 exp\u00e9rimenter un abattage des seules b\u00eates contamin\u00e9es, car avec l\u2019arriv\u00e9e de l\u2019hiver le troupeau est \u00ab\u00a0confin\u00e9\u00a0\u00bb et il n\u2019y a plus d\u2019insectes vecteurs, souligne-t-elle. Jos\u00e9 P\u00e9rez, copr\u00e9sident de la CR 47, a lui jug\u00e9 \u00ab\u00a0compl\u00e8tement honteux et scandaleux\u00a0\u00bb la \u00ab\u00a0politique destructrice d\u2019abattage total\u00a0\u00bb.<\/p>\n<p class=\"article__paragraph  \">La ministre de l\u2019agriculture, Annie Genevard, originaire du Doubs, a voulu \u00ab\u00a0rappeler les faits\u00a0\u00bb, mercredi, dans un long message publi\u00e9 sur le r\u00e9seau social X. Apr\u00e8s \u00eatre revenue sur le d\u00e9lai avant l\u2019immunisation procur\u00e9e par le vaccin et la p\u00e9riode d\u2019incubation de la maladie, qui peut expliquer qu\u2019un animal la d\u00e9veloppe apr\u00e8s avoir \u00e9t\u00e9 vaccin\u00e9, la ministre a estim\u00e9 que \u00ab\u00a0si la strat\u00e9gie sanitaire d\u00e9ploy\u00e9e en France \u2013 d\u00e9tection rapide, restrictions de mouvements, vaccination massive, d\u00e9peuplement des foyers \u2013 a d\u00e9j\u00e0 port\u00e9 ses fruits dans plusieurs d\u00e9partements, la situation sanitaire n\u2019est pas encore stabilis\u00e9e\u00a0\u00bb.<\/p>\n<p class=\"article__paragraph  \">Elle avait rappel\u00e9 mardi que la mesure d\u2019abattage avait \u00e9t\u00e9 prise en concertation avec la profession. \u00ab\u00a0Evidemment que c\u2019est terriblement douloureux pour les \u00e9leveurs\u00a0\u00bb, avait-elle d\u00e9clar\u00e9 au quotidien <a href=\"https:\/\/www.ouest-france.fr\/economie\/agriculture\/entretien-mercosur-maladies-animales-strategie-pour-lalimentation-la-ministre-de-lagriculture-fait-le-point-4dc05654-ced1-11f0-9f92-1f1697d8d1ab\" target=\"_blank\" rel=\"noopener\" title=\"Nouvelle fen\u00eatre\">Ouest-France<\/a>. \u00ab\u00a0Mais en quatre mois, nous avons \u00e9radiqu\u00e9 la maladie en Savoie, en Haute-Savoie, dans le Rh\u00f4ne\u2026 Dans d\u2019autres pays qui ont opt\u00e9 pour l\u2019abattage partiel, ils ont mis des ann\u00e9es \u00e0 \u00e9radiquer la maladie.\u00a0\u00bb<\/p>\n<p class=\"article__paragraph  \">Sur environ 2\u00a0700\u00a0animaux euthanasi\u00e9s en France depuis cinq mois, plus de 1\u00a0700 l\u2019ont \u00e9t\u00e9 dans une zone se partageant entre la Haute-Savoie, la Savoie et l\u2019Ain, premier foyer de l\u2019\u00e9pizootie, qui frappe d\u00e9sormais les Pyr\u00e9n\u00e9es et le Doubs.<\/p>\n<p>                                     Lire aussi |  Article r\u00e9serv\u00e9 \u00e0 nos abonn\u00e9s  <a href=\"https:\/\/www.lemonde.fr\/planete\/article\/2025\/08\/28\/en-haute-savoie-les-eleveurs-face-a-la-dermatose-nodulaire-je-ne-dis-pas-que-je-dors-bien-mais-je-suis-dans-le-combat-dans-la-reconstruction_6636800_3244.html\" class=\"js-article-read-also catcher--favoris__link\" data-premium=\"1\" id=\"article-title-3435588\" target=\"_blank\" rel=\"noopener\">\u00ab\u00a0Je ne dis pas que je dors bien, mais je suis dans le combat, dans la reconstruction\u00a0\u00bb\u00a0: les \u00e9leveurs de Haute-Savoie face \u00e0 la dermatose nodulaire<\/a>    <\/p>\n<p>   Lire plus tard  <\/p>\n<p class=\"author__detail\">  Le Monde avec AFP  <\/p>\n<p>                <a href=\"https:\/\/www.lemonde.fr\/syndication\/\" class=\"reuse__content\" title=\"R\u00e9utiliser ce contenu\" target=\"_blank\" rel=\"noopener\">R\u00e9utiliser ce contenu<\/a>      <\/p>\n","protected":false},"excerpt":{"rendered":"Rassemblement de manifestants contre l\u2019abattage de vaches \u00e0 Pouilley-Fran\u00e7ais (Doubs), le 2\u00a0d\u00e9cembre\u00a02025. ARNAUD CASTAGNE\/\u00ab L&rsquo;EST REPUBLICAIN \u00bb\/MAXPPP Des&hellip;\n","protected":false},"author":2,"featured_media":576113,"comment_status":"","ping_status":"","sticky":false,"template":"","format":"standard","meta":{"footnotes":""},"categories":[1888],"tags":[1111,1928,11,1927,1777,674,1011,27,12,1926,626,1925,25],"class_list":{"0":"post-576112","1":"post","2":"type-post","3":"status-publish","4":"format-standard","5":"has-post-thumbnail","7":"category-paris","8":"tag-actu","9":"tag-actu-paris","10":"tag-actualites","11":"tag-actualites-paris","12":"tag-eu","13":"tag-europe","14":"tag-fr","15":"tag-france","16":"tag-news","17":"tag-news-paris","18":"tag-paris","19":"tag-paris-news","20":"tag-republique-francaise"},"share_on_mastodon":{"url":"https:\/\/pubeurope.com\/@fr\/115657582847300426","error":""},"_links":{"self":[{"href":"https:\/\/www.europesays.com\/fr\/wp-json\/wp\/v2\/posts\/576112","targetHints":{"allow":["GET"]}}],"collection":[{"href":"https:\/\/www.europesays.com\/fr\/wp-json\/wp\/v2\/posts"}],"about":[{"href":"https:\/\/www.europesays.com\/fr\/wp-json\/wp\/v2\/types\/post"}],"author":[{"embeddable":true,"href":"https:\/\/www.europesays.com\/fr\/wp-json\/wp\/v2\/users\/2"}],"replies":[{"embeddable":true,"href":"https:\/\/www.europesays.com\/fr\/wp-json\/wp\/v2\/comments?post=576112"}],"version-history":[{"count":0,"href":"https:\/\/www.europesays.com\/fr\/wp-json\/wp\/v2\/posts\/576112\/revisions"}],"wp:featuredmedia":[{"embeddable":true,"href":"https:\/\/www.europesays.com\/fr\/wp-json\/wp\/v2\/media\/576113"}],"wp:attachment":[{"href":"https:\/\/www.europesays.com\/fr\/wp-json\/wp\/v2\/media?parent=576112"}],"wp:term":[{"taxonomy":"category","embeddable":true,"href":"https:\/\/www.europesays.com\/fr\/wp-json\/wp\/v2\/categories?post=576112"},{"taxonomy":"post_tag","embeddable":true,"href":"https:\/\/www.europesays.com\/fr\/wp-json\/wp\/v2\/tags?post=576112"}],"curies":[{"name":"wp","href":"https:\/\/api.w.org\/{rel}","templated":true}]}}