{"id":576114,"date":"2025-12-03T20:43:14","date_gmt":"2025-12-03T20:43:14","guid":{"rendered":"https:\/\/www.europesays.com\/fr\/576114\/"},"modified":"2025-12-03T20:43:14","modified_gmt":"2025-12-03T20:43:14","slug":"dogstar-en-concert-a-lolympia-de-paris-en-juin-2026-news-rockurlife","status":"publish","type":"post","link":"https:\/\/www.europesays.com\/fr\/576114\/","title":{"rendered":"Dogstar : en concert \u00e0 l&rsquo;Olympia de Paris en juin 2026 ! &#8211; News &#8211; RockUrLife"},"content":{"rendered":"<p>Le trio am\u00e9ricain <strong>Dogstar<\/strong>, dont le retour avait d\u00e9j\u00e0 cr\u00e9\u00e9 l\u2019un des petits s\u00e9ismes live de l\u2019ann\u00e9e 2024 avec une <strong>Cigale<\/strong> compl\u00e8te, fera son grand retour dans la capitale le 17 juin 2026, cette fois sur la sc\u00e8ne mythique de <strong>l\u2019Olympia<\/strong>. Une annonce qui confirme l\u2019engouement intact autour du projet men\u00e9 par <strong>Bret Domrose<\/strong>, <strong>Robert Mailhouse<\/strong> et leur bassiste mondialement connu\u2026 <strong>Keanu Reeves<\/strong> !<\/p>\n<p>Form\u00e9 \u00e0 l\u2019origine comme un simple groupe d\u2019amis dans un garage californien dans les ann\u00e9es 90, <strong>Dogstar<\/strong> a longtemps \u00e9volu\u00e9 loin des projecteurs, avant que les carri\u00e8res cin\u00e9matographiques fulgurantes de <strong>Reeves<\/strong>, devenu l\u2019ic\u00f4ne des sagas <strong>Matrix<\/strong> et <strong>John Wick<\/strong>, n\u2019entourent le groupe d\u2019une aura quasi mythologique. Son retour r\u00e9cent n\u2019a pourtant rien d\u2019un caprice nostalgique : sur sc\u00e8ne comme en studio, le trio s\u2019est impos\u00e9 avec une sinc\u00e9rit\u00e9 d\u00e9sarmante, m\u00ealant rock alternatif lumineux, \u00e9nergie brute et complicit\u00e9 palpable. <strong>La Cigale<\/strong> 2024 en avait \u00e9t\u00e9 la preuve \u00e9clatante, transformant une salle comble en cocon chaleureux o\u00f9 l\u2019alchimie entre les trois musiciens avait fait le reste.<\/p>\n<p>En 2026, <strong>Dogstar<\/strong> passe \u00e0 la vitesse sup\u00e9rieure avec l\u2019\u00e9tape parisienne de sa tourn\u00e9e europ\u00e9enne <strong>All In Now Tour: Europe 2026<\/strong>. Les pr\u00e9ventes ouvriront le jeudi 4 d\u00e9cembre \u00e0 10h <a href=\"http:\/\/bit.ly\/Dogstar_PreventeParis\" target=\"_blank\" rel=\"noopener\">ici<\/a>, tandis que la mise en vente g\u00e9n\u00e9rale suivra d\u00e8s le vendredi 5 d\u00e9cembre, par <a href=\"https:\/\/l.facebook.com\/l.php?u=https%3A%2F%2Fbit.ly%2FDogstar_Paris26%3Ffbclid%3DIwZXh0bgNhZW0CMTAAYnJpZBEwcjFZRmI1cVF5TkxtRlNBTnNydGMGYXBwX2lkEDIyMjAzOTE3ODgyMDA4OTIAAR6-QQJMJvvCZTW5ysei6k5_OgiarBQlMVoEbHTqOF5O5gBW_3-c0yT90GcZyA_aem_nFxNq51W3kGRayshjsjCeQ&amp;h=AT1G0B7ZXLqXonywuisA0e6seqbI-P_w4msKn1XmLkN8Cp9vVW5yW_XUuD6T0R7G6n6kLUzfQngeecXAoci8n8BOsYD7uCn31Z0ojgDOyV0qM3hCqNkstLPbpEM0bAN7d7pY3tWYL3Lg09Xk7yLi61DOn8F2i2QhXzI&amp;__tn__=-UK*F&amp;c[0]=AT0kkm-hWZyjD0nSvvubpqHGM49YKrjiKNlPBiLQxOIYEB8QPBfu3kRZwTwhQR1iccSZ9OgEkjks5mg66f8vnvlVUXXCinZPqAiUOW_LR0kJJtJFczeaKUIqHyYepHw7G0_CADIAQFx1qBydNCkuUI2Q38Ys-LQTwSFu0Ep_JqAOyyOCMQBAPhN5pSxDZIkcJVcN8WP3lE1WAgjAcc0OIaMZoQ\" target=\"_blank\" rel=\"noopener\">l\u00e0<\/a>. De quoi permettre aux fans de se pr\u00e9parer pour un rendez-vous qui s\u2019annonce d\u00e9j\u00e0 tr\u00e8s pris\u00e9, port\u00e9 par un trio dont le charme reste intact, entre sens du partage, rock g\u00e9n\u00e9reux et pr\u00e9sence magn\u00e9tique.<\/p>\n<p>Cette date \u00e0 <strong>l\u2019Olympia<\/strong> s\u2019inscrit comme la suite logique d\u2019une renaissance pleinement assum\u00e9e. <strong>Dogstar<\/strong> a retrouv\u00e9 le plaisir de jouer, et le public a retrouv\u00e9 un groupe qu\u2019il pensait perdu dans les souvenirs. <strong>Paris<\/strong> aura une nouvelle fois l\u2019occasion de constater que, loin du tumulte hollywoodien, <strong>Domrose<\/strong>, <strong>Mailhouse<\/strong> et <strong>Reeves<\/strong> restent avant tout trois musiciens unis par la passion\u2026 et par un rock qui n\u2019a rien perdu de son pouvoir f\u00e9d\u00e9rateur.<\/p>\n<p><img loading=\"lazy\" decoding=\"async\" width=\"819\" height=\"1024\" src=\"https:\/\/www.europesays.com\/fr\/wp-content\/uploads\/2025\/12\/591720440_1716155206459309_8275390634382476223_n-819x1024.jpg\" alt=\"\" class=\"wp-image-229747\"\/><\/p>\n","protected":false},"excerpt":{"rendered":"Le trio am\u00e9ricain Dogstar, dont le retour avait d\u00e9j\u00e0 cr\u00e9\u00e9 l\u2019un des petits s\u00e9ismes live de l\u2019ann\u00e9e 2024&hellip;\n","protected":false},"author":2,"featured_media":576115,"comment_status":"","ping_status":"","sticky":false,"template":"","format":"standard","meta":{"footnotes":""},"categories":[1888],"tags":[1111,1928,11,1927,69038,1777,674,1011,27,2079,12,1926,15955,626,1925,25],"class_list":{"0":"post-576114","1":"post","2":"type-post","3":"status-publish","4":"format-standard","5":"has-post-thumbnail","7":"category-paris","8":"tag-actu","9":"tag-actu-paris","10":"tag-actualites","11":"tag-actualites-paris","12":"tag-dogstar","13":"tag-eu","14":"tag-europe","15":"tag-fr","16":"tag-france","17":"tag-keanu-reeves","18":"tag-news","19":"tag-news-paris","20":"tag-olympia","21":"tag-paris","22":"tag-paris-news","23":"tag-republique-francaise"},"share_on_mastodon":{"url":"https:\/\/pubeurope.com\/@fr\/115657586880195518","error":""},"_links":{"self":[{"href":"https:\/\/www.europesays.com\/fr\/wp-json\/wp\/v2\/posts\/576114","targetHints":{"allow":["GET"]}}],"collection":[{"href":"https:\/\/www.europesays.com\/fr\/wp-json\/wp\/v2\/posts"}],"about":[{"href":"https:\/\/www.europesays.com\/fr\/wp-json\/wp\/v2\/types\/post"}],"author":[{"embeddable":true,"href":"https:\/\/www.europesays.com\/fr\/wp-json\/wp\/v2\/users\/2"}],"replies":[{"embeddable":true,"href":"https:\/\/www.europesays.com\/fr\/wp-json\/wp\/v2\/comments?post=576114"}],"version-history":[{"count":0,"href":"https:\/\/www.europesays.com\/fr\/wp-json\/wp\/v2\/posts\/576114\/revisions"}],"wp:featuredmedia":[{"embeddable":true,"href":"https:\/\/www.europesays.com\/fr\/wp-json\/wp\/v2\/media\/576115"}],"wp:attachment":[{"href":"https:\/\/www.europesays.com\/fr\/wp-json\/wp\/v2\/media?parent=576114"}],"wp:term":[{"taxonomy":"category","embeddable":true,"href":"https:\/\/www.europesays.com\/fr\/wp-json\/wp\/v2\/categories?post=576114"},{"taxonomy":"post_tag","embeddable":true,"href":"https:\/\/www.europesays.com\/fr\/wp-json\/wp\/v2\/tags?post=576114"}],"curies":[{"name":"wp","href":"https:\/\/api.w.org\/{rel}","templated":true}]}}