{"id":57612,"date":"2025-04-27T20:18:09","date_gmt":"2025-04-27T20:18:09","guid":{"rendered":"https:\/\/www.europesays.com\/fr\/57612\/"},"modified":"2025-04-27T20:18:09","modified_gmt":"2025-04-27T20:18:09","slug":"genest-malifaux-anniversaire-jeanne-penel-a-fete-ses-cent-ans","status":"publish","type":"post","link":"https:\/\/www.europesays.com\/fr\/57612\/","title":{"rendered":"Genest-Malifaux | Anniversaire. Jeanne Penel a f\u00eat\u00e9 ses cent ans"},"content":{"rendered":"<p>Madame Jeanne Penel a souffl\u00e9 ses cent bougies, dimanche, \u00e0 l\u2019Ehpad de Saint-Genest-Malifaux, \u00ab\u00a0Les Gen\u00eats d\u2019or\u00a0\u00bb, en pr\u00e9sence de sa nombreuse famille.<\/p>\n<p>Couturi\u00e8re \u00e0 Saint-Chamond, elle a partag\u00e9 sa vie avec son mari Eug\u00e8ne, chef d\u2019\u00e9quipe aux \u00e9tablissements Peyrard. Ils ont eu cinq petits-enfants et treize arri\u00e8re-petits-enfants gr\u00e2ce \u00e0 leurs deux filles.<\/p>\n<p>Jeanne Penel m\u00e8ne d\u00e9sormais une vie paisible et sereine aux Gen\u00eats d\u2019Or, entour\u00e9e de sa famille.<\/p>\n","protected":false},"excerpt":{"rendered":"Madame Jeanne Penel a souffl\u00e9 ses cent bougies, dimanche, \u00e0 l\u2019Ehpad de Saint-Genest-Malifaux, \u00ab\u00a0Les Gen\u00eats d\u2019or\u00a0\u00bb, en pr\u00e9sence&hellip;\n","protected":false},"author":2,"featured_media":57613,"comment_status":"","ping_status":"","sticky":false,"template":"","format":"standard","meta":{"footnotes":""},"categories":[9653],"tags":[1111,11,3581,7476,2430,7539,1777,674,1011,27,12,25,4001,15342,15343,104],"class_list":{"0":"post-57612","1":"post","2":"type-post","3":"status-publish","4":"format-standard","5":"has-post-thumbnail","7":"category-saint-etienne","8":"tag-actu","9":"tag-actualites","10":"tag-anniversaire","11":"tag-anniversaires","12":"tag-auvergne-rhone-alpes","13":"tag-edition-loire-sud","14":"tag-eu","15":"tag-europe","16":"tag-fr","17":"tag-france","18":"tag-news","19":"tag-republique-francaise","20":"tag-saint-etienne","21":"tag-saint-genest-malifaux","22":"tag-saint-genest-malifaux-bassin","23":"tag-societe"},"share_on_mastodon":{"url":"https:\/\/pubeurope.com\/@fr\/114411779127062113","error":""},"_links":{"self":[{"href":"https:\/\/www.europesays.com\/fr\/wp-json\/wp\/v2\/posts\/57612","targetHints":{"allow":["GET"]}}],"collection":[{"href":"https:\/\/www.europesays.com\/fr\/wp-json\/wp\/v2\/posts"}],"about":[{"href":"https:\/\/www.europesays.com\/fr\/wp-json\/wp\/v2\/types\/post"}],"author":[{"embeddable":true,"href":"https:\/\/www.europesays.com\/fr\/wp-json\/wp\/v2\/users\/2"}],"replies":[{"embeddable":true,"href":"https:\/\/www.europesays.com\/fr\/wp-json\/wp\/v2\/comments?post=57612"}],"version-history":[{"count":0,"href":"https:\/\/www.europesays.com\/fr\/wp-json\/wp\/v2\/posts\/57612\/revisions"}],"wp:featuredmedia":[{"embeddable":true,"href":"https:\/\/www.europesays.com\/fr\/wp-json\/wp\/v2\/media\/57613"}],"wp:attachment":[{"href":"https:\/\/www.europesays.com\/fr\/wp-json\/wp\/v2\/media?parent=57612"}],"wp:term":[{"taxonomy":"category","embeddable":true,"href":"https:\/\/www.europesays.com\/fr\/wp-json\/wp\/v2\/categories?post=57612"},{"taxonomy":"post_tag","embeddable":true,"href":"https:\/\/www.europesays.com\/fr\/wp-json\/wp\/v2\/tags?post=57612"}],"curies":[{"name":"wp","href":"https:\/\/api.w.org\/{rel}","templated":true}]}}