{"id":576122,"date":"2025-12-03T20:47:22","date_gmt":"2025-12-03T20:47:22","guid":{"rendered":"https:\/\/www.europesays.com\/fr\/576122\/"},"modified":"2025-12-03T20:47:22","modified_gmt":"2025-12-03T20:47:22","slug":"guerre-en-ukraine-apres-des-attaques-de-drones-en-mer-noire-la-turquie-appelle-au-respect-du-droit-international","status":"publish","type":"post","link":"https:\/\/www.europesays.com\/fr\/576122\/","title":{"rendered":"Guerre en Ukraine: apr\u00e8s des attaques de drones en mer Noire, la Turquie appelle au \u00abrespect du droit international\u00bb"},"content":{"rendered":"<p class=\"mb-4 text-lg md:leading-8 break-words\">C\u2019est un appel au calme &#8211; ou un rappel \u00e0 l\u2019ordre &#8211; qui vise <a href=\"https:\/\/www.rfi.fr\/fr\/tag\/ukraine\/\" rel=\"nofollow noopener\" target=\"_blank\" data-ylk=\"slk:l\u2019Ukraine;elm:context_link;itc:0;sec:content-canvas\" class=\"link \"><strong>l\u2019Ukraine<\/strong><\/a> autant que <a href=\"https:\/\/www.rfi.fr\/fr\/tag\/russie\/\" rel=\"nofollow noopener\" target=\"_blank\" data-ylk=\"slk:la Russie;elm:context_link;itc:0;sec:content-canvas\" class=\"link \"><strong>la Russie<\/strong><\/a>. Apr\u00e8s une s\u00e9rie d\u2019attaques, <a href=\"https:\/\/www.rfi.fr\/fr\/tag\/turquie\/\" rel=\"nofollow noopener\" target=\"_blank\" data-ylk=\"slk:la Turquie;elm:context_link;itc:0;sec:content-canvas\" class=\"link \"><strong>la Turquie<\/strong><\/a>, la Roumanie et la Bulgarie, qui coop\u00e8rent depuis pr\u00e8s de deux ans pour s\u00e9curiser la mer Noire, notamment en luttant contre les mines flottantes, insistent d\u2019une m\u00eame voix sur \u00ab\u00a0la n\u00e9cessit\u00e9 de pr\u00e9server la libert\u00e9 de navigation (\u2026) et de respecter le droit international\u00a0\u00bb.<\/p>\n<p class=\"mb-4 text-lg md:leading-8 break-words\">Depuis le 28 novembre, trois navires russes ont \u00e9t\u00e9 la cible de drones dans les eaux de la Turquie, rappelle notre correspondante\u00a0\u00e0 Ankara, <strong>Anne Andlauer<\/strong>. <a href=\"https:\/\/fr.news.yahoo.com\/turquie-kiev-revendique-lattaque-deux-125447794.html\" data-ylk=\"slk:L\u2019Ukraine a revendiqu\u00e9 deux de ces trois attaques;elm:context_link;itc:0;sec:content-canvas;outcm:mb_qualified_link;_E:mb_qualified_link;ct:story;\" class=\"link  yahoo-link\" target=\"_blank\" rel=\"noopener\"><strong>L\u2019Ukraine a revendiqu\u00e9 deux de ces trois attaques<\/strong><\/a> sur la \u00ab\u00a0flotte fant\u00f4me\u00a0\u00bb russe. Kiev a ni\u00e9 en revanche mardi toute responsabilit\u00e9 dans l&rsquo;attaque d&rsquo;un troisi\u00e8me navire, un cargo battant pavillon russe en route vers la G\u00e9orgie.<\/p>\n<p>Ces frappes\u00a0montrent \u00ab\u00a0que la zone de conflit s\u2019\u00e9tend\u00a0\u00bb<\/p>\n<p class=\"mb-4 text-lg md:leading-8 break-words\">En marge d\u2019un sommet des ministres des Affaires \u00e9trang\u00e8res de l\u2019Otan \u00e0 Bruxelles, le chef de la diplomatie turque, Hakan Fidan, a \u00e9chang\u00e9 avec ses homologues roumain et bulgare au sujet de ces attaques. Hakan Fidan s\u2019est aussi entretenu \u00e0 ce sujet avec le secr\u00e9taire g\u00e9n\u00e9ral de l&rsquo;Otan, Mark Rutte. Le ministre turc, dont le pays maintient des liens \u00e9troits avec les deux bellig\u00e9rants, a estim\u00e9 mercredi 3 d\u00e9cembre que les frappes en mer Noire montraient \u00ab\u00a0que la zone de conflit s\u2019\u00e9tend\u00a0\u00bb, \u00ab\u00a0ce qui est tr\u00e8s inqui\u00e9tant\u00a0\u00bb.<\/p>\n<p class=\"mb-4 text-lg md:leading-8 break-words\">Les ministres turc, roumain et bulgare ont \u00e9galement r\u00e9affirm\u00e9 \u00ab\u00a0la volont\u00e9 de faire de la mer Noire une mer de paix, de stabilit\u00e9 et de coop\u00e9ration\u00a0\u00bb, a soulign\u00e9 la source diplomatique turque.<\/p>\n<p class=\"mb-4 text-lg md:leading-8 break-words\">Ces attaques \u00e0 r\u00e9p\u00e9tition alarment particuli\u00e8rement la Turquie, pour qui la s\u00e9curit\u00e9 en mer Noire est un enjeu strat\u00e9gique et commercial majeur depuis le d\u00e9but du conflit en Ukraine.<\/p>\n<p class=\"mb-4 text-lg md:leading-8 break-words\">\u00c0 lire aussi<a href=\"https:\/\/fr.news.yahoo.com\/attaques-drones-mer-noire-pr%C3%A9sident-184254817.html\" class=\"link  yahoo-link\" data-ylk=\"slk:Attaques de drones en mer Noire: le pr\u00e9sident turc Erdogan d\u00e9nonce une \u00abescalade inqui\u00e9tante\u00bb;elm:context_link;itc:0;sec:content-canvas;outcm:mb_qualified_link;_E:mb_qualified_link;ct:story;\" target=\"_blank\" rel=\"noopener\">Attaques de drones en mer Noire: le pr\u00e9sident turc Erdogan d\u00e9nonce une \u00abescalade inqui\u00e9tante\u00bb<\/a><\/p>\n","protected":false},"excerpt":{"rendered":"C\u2019est un appel au calme &#8211; ou un rappel \u00e0 l\u2019ordre &#8211; qui vise l\u2019Ukraine autant que la&hellip;\n","protected":false},"author":2,"featured_media":576123,"comment_status":"","ping_status":"","sticky":false,"template":"","format":"standard","meta":{"footnotes":""},"categories":[1590],"tags":[11,69039,1777,674,25514,14825,21495,2288,12,220],"class_list":{"0":"post-576122","1":"post","2":"type-post","3":"status-publish","4":"format-standard","5":"has-post-thumbnail","7":"category-ukraine","8":"tag-actualites","9":"tag-anne-andlauer","10":"tag-eu","11":"tag-europe","12":"tag-hakan-fidan","13":"tag-la-turquie","14":"tag-mer-noire","15":"tag-ministres-des-affaires-etrangeres","16":"tag-news","17":"tag-ukraine"},"share_on_mastodon":{"url":"https:\/\/pubeurope.com\/@fr\/115657601605651277","error":""},"_links":{"self":[{"href":"https:\/\/www.europesays.com\/fr\/wp-json\/wp\/v2\/posts\/576122","targetHints":{"allow":["GET"]}}],"collection":[{"href":"https:\/\/www.europesays.com\/fr\/wp-json\/wp\/v2\/posts"}],"about":[{"href":"https:\/\/www.europesays.com\/fr\/wp-json\/wp\/v2\/types\/post"}],"author":[{"embeddable":true,"href":"https:\/\/www.europesays.com\/fr\/wp-json\/wp\/v2\/users\/2"}],"replies":[{"embeddable":true,"href":"https:\/\/www.europesays.com\/fr\/wp-json\/wp\/v2\/comments?post=576122"}],"version-history":[{"count":0,"href":"https:\/\/www.europesays.com\/fr\/wp-json\/wp\/v2\/posts\/576122\/revisions"}],"wp:featuredmedia":[{"embeddable":true,"href":"https:\/\/www.europesays.com\/fr\/wp-json\/wp\/v2\/media\/576123"}],"wp:attachment":[{"href":"https:\/\/www.europesays.com\/fr\/wp-json\/wp\/v2\/media?parent=576122"}],"wp:term":[{"taxonomy":"category","embeddable":true,"href":"https:\/\/www.europesays.com\/fr\/wp-json\/wp\/v2\/categories?post=576122"},{"taxonomy":"post_tag","embeddable":true,"href":"https:\/\/www.europesays.com\/fr\/wp-json\/wp\/v2\/tags?post=576122"}],"curies":[{"name":"wp","href":"https:\/\/api.w.org\/{rel}","templated":true}]}}