{"id":576126,"date":"2025-12-03T20:49:16","date_gmt":"2025-12-03T20:49:16","guid":{"rendered":"https:\/\/www.europesays.com\/fr\/576126\/"},"modified":"2025-12-03T20:49:16","modified_gmt":"2025-12-03T20:49:16","slug":"premiere-visite-dun-president-allemand-au-royaume-uni-en-27-ans","status":"publish","type":"post","link":"https:\/\/www.europesays.com\/fr\/576126\/","title":{"rendered":"Premi\u00e8re visite d&rsquo;un pr\u00e9sident allemand au Royaume-Uni en 27 ans"},"content":{"rendered":"<p><img decoding=\"async\" class=\"w-full object-contain\" style=\"aspect-ratio:150 \/ 100;opacity:1\" alt=\"Premi\u00e8re visite d'un pr\u00e9sident allemand au Royaume-Uni en 27 ans\" width=\"512\" height=\"341\" fetchpriority=\"high\" src=\"https:\/\/www.europesays.com\/fr\/wp-content\/uploads\/2025\/12\/UY67YJGQZZFLRA3PCRZMRT5VQI.jpg\"  \/><\/p>\n<p class=\"ap-StoryElement ap-StoryElement--mb ap-StoryText\">Cette visite est per\u00e7ue comme un signe de rapprochement entre les deux pays apr\u00e8s le Brexit, dans un climat g\u00e9opolitique tendu.<\/p>\n<p class=\"ap-StoryElement ap-StoryElement--mb ap-StoryText\">Le prince William et la princesse Kate \u00e9taient \u00e9galement pr\u00e9sents lors de la c\u00e9r\u00e9monie. Apr\u00e8s l&rsquo;accueil par la famille royale, M. Steinmeier s&rsquo;est rendu au 10 Downing Street pour une rencontre avec le Premier ministre britannique Keir Starmer.<\/p>\n","protected":false},"excerpt":{"rendered":"Cette visite est per\u00e7ue comme un signe de rapprochement entre les deux pays apr\u00e8s le Brexit, dans un&hellip;\n","protected":false},"author":2,"featured_media":2837,"comment_status":"","ping_status":"","sticky":false,"template":"","format":"standard","meta":{"footnotes":""},"categories":[1588],"tags":[11,672,312,1777,674,12,973,473,1853,971,1851,1850,1852],"class_list":{"0":"post-576126","1":"post","2":"type-post","3":"status-publish","4":"format-standard","5":"has-post-thumbnail","7":"category-royaume-uni","8":"tag-actualites","9":"tag-allemagne","10":"tag-diplomatie","11":"tag-eu","12":"tag-europe","13":"tag-news","14":"tag-people","15":"tag-royaume-uni","16":"tag-royaume-uni-de-grande-bretagne-et-dirlande-du-nord","17":"tag-royaute","18":"tag-uk","19":"tag-united-kingdom","20":"tag-united-kingdom-of-great-britain-and-northern-ireland"},"share_on_mastodon":{"url":"https:\/\/pubeurope.com\/@fr\/115657610174943531","error":""},"_links":{"self":[{"href":"https:\/\/www.europesays.com\/fr\/wp-json\/wp\/v2\/posts\/576126","targetHints":{"allow":["GET"]}}],"collection":[{"href":"https:\/\/www.europesays.com\/fr\/wp-json\/wp\/v2\/posts"}],"about":[{"href":"https:\/\/www.europesays.com\/fr\/wp-json\/wp\/v2\/types\/post"}],"author":[{"embeddable":true,"href":"https:\/\/www.europesays.com\/fr\/wp-json\/wp\/v2\/users\/2"}],"replies":[{"embeddable":true,"href":"https:\/\/www.europesays.com\/fr\/wp-json\/wp\/v2\/comments?post=576126"}],"version-history":[{"count":0,"href":"https:\/\/www.europesays.com\/fr\/wp-json\/wp\/v2\/posts\/576126\/revisions"}],"wp:featuredmedia":[{"embeddable":true,"href":"https:\/\/www.europesays.com\/fr\/wp-json\/wp\/v2\/media\/2837"}],"wp:attachment":[{"href":"https:\/\/www.europesays.com\/fr\/wp-json\/wp\/v2\/media?parent=576126"}],"wp:term":[{"taxonomy":"category","embeddable":true,"href":"https:\/\/www.europesays.com\/fr\/wp-json\/wp\/v2\/categories?post=576126"},{"taxonomy":"post_tag","embeddable":true,"href":"https:\/\/www.europesays.com\/fr\/wp-json\/wp\/v2\/tags?post=576126"}],"curies":[{"name":"wp","href":"https:\/\/api.w.org\/{rel}","templated":true}]}}