{"id":576131,"date":"2025-12-03T20:52:18","date_gmt":"2025-12-03T20:52:18","guid":{"rendered":"https:\/\/www.europesays.com\/fr\/576131\/"},"modified":"2025-12-03T20:52:18","modified_gmt":"2025-12-03T20:52:18","slug":"les-municipalites-de-eu-et-du-treport-reclament-une-table-ronde-de-la-filiere-verriere","status":"publish","type":"post","link":"https:\/\/www.europesays.com\/fr\/576131\/","title":{"rendered":"les municipalit\u00e9s de Eu et du Tr\u00e9port r\u00e9clament une table ronde de la fili\u00e8re verri\u00e8re"},"content":{"rendered":"<p>                    Par<br \/>\n        <strong><br \/>\n            <a href=\"https:\/\/actu.fr\/auteur\/lucas-farcy\" title=\"Consulter tous les articles de Lucas Farcy\" rel=\"nofollow noopener\" target=\"_blank\">Lucas Farcy<\/a><br \/>\n                    <\/strong><\/p>\n<p>        Publi\u00e9 le<\/p>\n<p>            3 d\u00e9c. 2025 \u00e0 20h50        <\/p>\n<p>C\u2019est une d\u00e9cision qui a secou\u00e9<b> la Vall\u00e9e de la Bresle<\/b> : le 17 octobre 2025, l\u2019entreprise Jenniver situ\u00e9e <a href=\"https:\/\/actu.fr\/normandie\/longroy_76394\" rel=\"nofollow noopener\" target=\"_blank\">\u00e0 Longroy<\/a> (Seine-Maritime) \u00e9tait <a href=\"https:\/\/actu.fr\/normandie\/longroy_76394\/lentreprise-jenniver-en-difficulte-85-emplois-menaces-dans-la-vallee-de-la-bresle_63283424.html\" rel=\"nofollow noopener\" target=\"_blank\">plac\u00e9e en liquidation judiciaire <\/a>par le tribunal de commerce de Dieppe. 85 salari\u00e9s se sont retrouv\u00e9s sans emploi avec cette fermeture de l\u2019usine. Les municipalit\u00e9s <b>de Eu et du Tr\u00e9port<\/b> ont toutes deux approuv\u00e9 en conseil municipal des motions de soutien, le 18 novembre au Tr\u00e9port et le 27 novembre \u00e0 Eu.<\/p>\n<p class=\" wall-content\">\u00ab\u00a085 salari\u00e9s (55 sur le site de Longroy et 30 sur celui de Verescence \u00e0 Mers-les-Bains) ont perdu leur emploi. 85 familles dont la situation bascule dramatiquement. Une situation d\u2019autant plus pr\u00e9occupante que la moyenne d\u2019\u00e2ge de ces salari\u00e9s est de 50 ans, ce qui rend leur avenir professionnel tr\u00e8s incertain\u00a0\u00bb, regrettent les deux Villes S\u0153urs dans leur motion.<\/p>\n<p class=\" wall-content\">Pourtant, \u00ab\u00a0les atouts ne manquent pas\u00a0\u00bb, estiment les deux villes. \u00ab\u00a0Le savoir-faire de ces salari\u00e9s sp\u00e9cialis\u00e9s dans le tri de flacons de parfum est reconnu, le travail ne manque pas. Aucune menace n\u2019est venue de la soci\u00e9t\u00e9 Verescence qui fournissait derni\u00e8rement 90 % du carnet de commandes de l\u2019entreprise dans le cadre d\u2019un contrat annuel de 44 millions de flacons\u00a0\u00bb.<\/p>\n<p class=\" wall-content\">Dimanche 19 octobre, une marche de soutien aux salari\u00e9es de l\u2019entreprise Jenniver <a href=\"https:\/\/actu.fr\/normandie\/longroy_76394\/liquidation-de-jenniver-85-emplois-supprimes-une-forte-mobilisation-a-longroy_63323806.html\" rel=\"nofollow noopener\" target=\"_blank\">avait d\u2019ailleurs \u00e9t\u00e9 organis\u00e9e \u00e0 Longroy.<\/a> Un grand nombre d\u2019\u00e9lus du territoire y avait particip\u00e9.<\/p>\n<p>Une table ronde de la fili\u00e8re verri\u00e8re<\/p>\n<p class=\" wall-content\">Face \u00e0 cette situation, les municipalit\u00e9s demandent que les acteurs \u00e9conomiques de la fili\u00e8re et l\u2019\u00c9tat se r\u00e9unissent pour trouver des solutions : \u00ab\u00a0Les salari\u00e9s sont pr\u00eats \u00e0 repartir. Le site de Longroy peut \u00eatre repris, am\u00e9lior\u00e9, adapt\u00e9\u00a0\u00bb, peut-on lire dans la motion de la ville d\u2019Eu, tandis que dans celle du Tr\u00e9port, on peut lire que \u00ab\u00a0cette liquidation judiciaire doit \u00eatre transform\u00e9e en chance : celle de placer autour d\u2019une m\u00eame table l\u2019\u00c9tat, dont les services pr\u00e9fectoraux connaissent le dossier, et les diff\u00e9rents acteurs de la fili\u00e8re\u00a0\u00bb.<\/p>\n<p class=\" wall-content\">L\u2019industrie du verre est l\u2019un des pans importants de l\u2019\u00e9conomie de la Vall\u00e9e de la Bresle, avec de grandes usines tout le long du fleuve, du Tr\u00e9port \u00e0 Aumale et au-del\u00e0. \u00ab\u00a0Il y a des inqui\u00e9tudes dans la vall\u00e9e en ce moment, avec certains sous-traitants qui se retrouvent en grande difficult\u00e9\u00a0\u00bb, pr\u00e9cise Laurent Jacques, maire du Tr\u00e9port, lui-m\u00eame ancien ouvrier verrier.<\/p>\n<p class=\" wall-content\">Les difficult\u00e9s rencontr\u00e9es actuellement par la fili\u00e8re du verre sont li\u00e9es \u00e0 diff\u00e9rents facteurs. \u00ab\u00a0Les taxes douani\u00e8res impos\u00e9es par les \u00c9tats-Unis p\u00e9nalisent grandement le milieu\u00a0\u00bb, estime notamment Laurent Jacques.<\/p>\n<p>Votre r\u00e9gion, votre actu !<\/p>\n<p>Recevez chaque jour les infos qui comptent pour vous.<\/p>\n<p>\t<a href=\"https:\/\/actu.fr\/newsletter\" class=\"ac-btn ac-btn--corner ac-btn--medium ac-btn--blue800\" rel=\"nofollow noopener\" target=\"_blank\">S&rsquo;incrire<\/a><\/p>\n<p class=\" wall-content\">Dans un communiqu\u00e9 <a href=\"https:\/\/actu.fr\/normandie\/longroy_76394\/apres-la-liquidation-de-lentreprise-jenniver-de-longroy-la-gerante-sort-du-silence_63368376.html\" rel=\"nofollow noopener\" target=\"_blank\">transmis en octobre \u00e0 l\u2019Informateur<\/a>,<b> <\/b>Jennifer Lefebvre-Blin, qui dirigeait l\u2019entreprise Jenniver depuis plus de vingt ans, expliquait que \u00ab\u00a0<b>nous avons pay\u00e9 le prix d\u2019un d\u00e9s\u00e9quilibre que nous n\u2019avons pas cr\u00e9\u00e9. Le secteur entier est touch\u00e9<\/b>\u00ab\u00a0.\u00a0<\/p>\n<p class=\" wall-content\">Personnalisez votre actualit\u00e9 en ajoutant vos villes et m\u00e9dias en favori avec <a href=\"https:\/\/moncompte.actu.fr\" title=\"D\u00e9couvez Mon Actu\" rel=\"nofollow noopener\" data-trk=\"{&quot;cta&quot;:{&quot;action&quot;:&quot;https:\\\/\\\/moncompte.actu.fr&quot;,&quot;category&quot;:&quot;mon compte&quot;,&quot;from&quot;:&quot;article footer&quot;,&quot;name&quot;:&quot;Mon actu&quot;,&quot;type&quot;:&quot;cta&quot;}}\" target=\"_blank\">Mon Actu<\/a>.<\/p>\n","protected":false},"excerpt":{"rendered":"Par Lucas Farcy Publi\u00e9 le 3 d\u00e9c. 2025 \u00e0 20h50 C\u2019est une d\u00e9cision qui a secou\u00e9 la Vall\u00e9e&hellip;\n","protected":false},"author":2,"featured_media":576132,"comment_status":"","ping_status":"","sticky":false,"template":"","format":"standard","meta":{"footnotes":""},"categories":[1586],"tags":[11,33,1777,674,1779,1011,27,12,25,1778,364,15873,22722,3587],"class_list":{"0":"post-576131","1":"post","2":"type-post","3":"status-publish","4":"format-standard","5":"has-post-thumbnail","7":"category-europe","8":"tag-actualites","9":"tag-economie","10":"tag-eu","11":"tag-europe","12":"tag-european-union","13":"tag-fr","14":"tag-france","15":"tag-news","16":"tag-republique-francaise","17":"tag-ue","18":"tag-union-europeenne","19":"tag-vallee-de-la-bresle","20":"tag-verrerie","21":"tag-villes-soeurs"},"share_on_mastodon":{"url":"https:\/\/pubeurope.com\/@fr\/115657621238867766","error":""},"_links":{"self":[{"href":"https:\/\/www.europesays.com\/fr\/wp-json\/wp\/v2\/posts\/576131","targetHints":{"allow":["GET"]}}],"collection":[{"href":"https:\/\/www.europesays.com\/fr\/wp-json\/wp\/v2\/posts"}],"about":[{"href":"https:\/\/www.europesays.com\/fr\/wp-json\/wp\/v2\/types\/post"}],"author":[{"embeddable":true,"href":"https:\/\/www.europesays.com\/fr\/wp-json\/wp\/v2\/users\/2"}],"replies":[{"embeddable":true,"href":"https:\/\/www.europesays.com\/fr\/wp-json\/wp\/v2\/comments?post=576131"}],"version-history":[{"count":0,"href":"https:\/\/www.europesays.com\/fr\/wp-json\/wp\/v2\/posts\/576131\/revisions"}],"wp:featuredmedia":[{"embeddable":true,"href":"https:\/\/www.europesays.com\/fr\/wp-json\/wp\/v2\/media\/576132"}],"wp:attachment":[{"href":"https:\/\/www.europesays.com\/fr\/wp-json\/wp\/v2\/media?parent=576131"}],"wp:term":[{"taxonomy":"category","embeddable":true,"href":"https:\/\/www.europesays.com\/fr\/wp-json\/wp\/v2\/categories?post=576131"},{"taxonomy":"post_tag","embeddable":true,"href":"https:\/\/www.europesays.com\/fr\/wp-json\/wp\/v2\/tags?post=576131"}],"curies":[{"name":"wp","href":"https:\/\/api.w.org\/{rel}","templated":true}]}}