{"id":576135,"date":"2025-12-03T20:54:17","date_gmt":"2025-12-03T20:54:17","guid":{"rendered":"https:\/\/www.europesays.com\/fr\/576135\/"},"modified":"2025-12-03T20:54:17","modified_gmt":"2025-12-03T20:54:17","slug":"transferts-top-14-giorgi-akhaladze-sengage-dans-la-duree-avec-clermont","status":"publish","type":"post","link":"https:\/\/www.europesays.com\/fr\/576135\/","title":{"rendered":"Transferts. Top 14 \u2013 Giorgi Akhaladze s&rsquo;engage dans la dur\u00e9e avec Clermont"},"content":{"rendered":"<p>\n                L\u2019ASM a officialis\u00e9 ce jeudi la prolongation de contrat de son pilier gauche Giorgi Akhaladze. Le G\u00e9orgien restera au club jusqu\u2019en 2029 au moins.\n            <\/p>\n<p>Et une bonne nouvelle de plus pour Clermont. <strong><a href=\"https:\/\/www.rugbyrama.fr\/2025\/11\/30\/top-14-apres-lincroyable-succes-face-au-stade-francais-clermont-annonce-une-vague-de-prolongation-13082504.php\" target=\"_self\" rel=\"noopener\">Apr\u00e8s avoir annonc\u00e9 les prolongations de Barnab\u00e9 Massa, Etienne Fourcade<\/a><\/strong> (juin\u00a02028, option 2029) et\u00a0Cristian Ojovan (juin\u00a02029), le club auvergnat a officialis\u00e9 celle de son pilier gauche\u00a0Giorgi Akhaladze (26 ans, 15 s\u00e9lections). Le G\u00e9orgien, arriv\u00e9 l\u2019ann\u00e9e derni\u00e8re en provenance de B\u00e9ziers, a paraph\u00e9 un nouveau bail qui le lie \u00e0 l\u2019ASM jusqu\u2019en 2029. V\u00e9ritable satisfaction des deux derni\u00e8res saisons, le gaucher est une pi\u00e8ce centrale de l\u2019\u00e9quipe de Christophe Urios, reconnue pour sa premi\u00e8re ligne conqu\u00e9rante.<\/p>\n<p>Quatre essais cette saison<\/p>\n<p>Efficace, Akhaladze\u00a0m\u00eame inscrit quatre essais en neuf matchs de Top 14 cette saison, ce qui en dit long sur sa puissance. Christophe Urios ne cachait pas sa joie au sujet de cette prolongation\u00a0: \u00ab\u00a0Nous sommes tr\u00e8s heureux de conserver Giorgi et de pouvoir poursuivre le travail avec lui pour plusieurs saisons. Il est un acteur de notre projet et participe \u00e0 la marche en avant du pack de l\u2019ASM. C\u2019est avant tout un gros travailleur, un gar\u00e7on qui a envie de progresser, qui se sent bien \u00e0 Clermont et qui met un engagement exemplaire dans tout ce qu\u2019il entreprend sur le terrain. Il n\u2019a qu\u2019une saison compl\u00e8te de Top 14 derri\u00e8re lui et nous l\u2019avons vu \u00e9voluer de fa\u00e7on assez impressionnante. Il a encore une belle marge de progression mais avec la rudesse qu\u2019il met dans les contacts et l\u2019envie de progresser qu\u2019il nous montre tous les jours, nous sommes persuad\u00e9s qu\u2019il va encore franchir d\u2019autres marches dans les mois et ann\u00e9es \u00e0 venir.\u00a0\u00bb<\/p>\n","protected":false},"excerpt":{"rendered":"L\u2019ASM a officialis\u00e9 ce jeudi la prolongation de contrat de son pilier gauche Giorgi Akhaladze. Le G\u00e9orgien restera&hellip;\n","protected":false},"author":2,"featured_media":576136,"comment_status":"","ping_status":"","sticky":false,"template":"","format":"standard","meta":{"footnotes":""},"categories":[2],"tags":[11,1011,27,12,25,10662],"class_list":{"0":"post-576135","1":"post","2":"type-post","3":"status-publish","4":"format-standard","5":"has-post-thumbnail","7":"category-actualites","8":"tag-actualites","9":"tag-fr","10":"tag-france","11":"tag-news","12":"tag-republique-francaise","13":"tag-transferts"},"share_on_mastodon":{"url":"https:\/\/pubeurope.com\/@fr\/115657629063923493","error":""},"_links":{"self":[{"href":"https:\/\/www.europesays.com\/fr\/wp-json\/wp\/v2\/posts\/576135","targetHints":{"allow":["GET"]}}],"collection":[{"href":"https:\/\/www.europesays.com\/fr\/wp-json\/wp\/v2\/posts"}],"about":[{"href":"https:\/\/www.europesays.com\/fr\/wp-json\/wp\/v2\/types\/post"}],"author":[{"embeddable":true,"href":"https:\/\/www.europesays.com\/fr\/wp-json\/wp\/v2\/users\/2"}],"replies":[{"embeddable":true,"href":"https:\/\/www.europesays.com\/fr\/wp-json\/wp\/v2\/comments?post=576135"}],"version-history":[{"count":0,"href":"https:\/\/www.europesays.com\/fr\/wp-json\/wp\/v2\/posts\/576135\/revisions"}],"wp:featuredmedia":[{"embeddable":true,"href":"https:\/\/www.europesays.com\/fr\/wp-json\/wp\/v2\/media\/576136"}],"wp:attachment":[{"href":"https:\/\/www.europesays.com\/fr\/wp-json\/wp\/v2\/media?parent=576135"}],"wp:term":[{"taxonomy":"category","embeddable":true,"href":"https:\/\/www.europesays.com\/fr\/wp-json\/wp\/v2\/categories?post=576135"},{"taxonomy":"post_tag","embeddable":true,"href":"https:\/\/www.europesays.com\/fr\/wp-json\/wp\/v2\/tags?post=576135"}],"curies":[{"name":"wp","href":"https:\/\/api.w.org\/{rel}","templated":true}]}}