{"id":57614,"date":"2025-04-27T20:19:12","date_gmt":"2025-04-27T20:19:12","guid":{"rendered":"https:\/\/www.europesays.com\/fr\/57614\/"},"modified":"2025-04-27T20:19:12","modified_gmt":"2025-04-27T20:19:12","slug":"ligue-1-du-rab-gagnant-contre-saint-etienne-pour-felix-lemarechal-le-milieu-du-racing","status":"publish","type":"post","link":"https:\/\/www.europesays.com\/fr\/57614\/","title":{"rendered":"Ligue 1. Du rab gagnant contre Saint-\u00c9tienne pour F\u00e9lix Lemarechal, le milieu du Racing"},"content":{"rendered":"<p>Comme <a href=\"https:\/\/www.dna.fr\/p\/habib-diarra\" target=\"_blank\" rel=\"noopener\">Habib Diarra<\/a> et Gu\u00e9la Dou\u00e9, Samuel Amo-Ameyaw est dans les starting-blocks ce samedi \u00e0 la Meinau face aux Verts.<\/p>\n<p>Comme ses deux camarades, le jeune ailier anglais du Racing, lui aussi rempla\u00e7ant, a \u00f4t\u00e9 son surv\u00eatement \u00e0 l\u2019heure de jeu et se tient pr\u00eat.<\/p>\n<p>Mais lorsque le capitaine et le lat\u00e9ral droit p\u00e9n\u00e8trent sur le gazon en lieu et place de Sebastian Nanasi et <a href=\"https:\/\/www.dna.fr\/p\/ismael-doukoure\" target=\"_blank\" rel=\"noopener\">Isma\u00ebl Doukour\u00e9<\/a> \u00e0 la 64e , le joueur pr\u00eat\u00e9 cet hiver par Southampton est pri\u00e9 de se rhabiller, provisoirement, et poursuivre son \u00e9chauffement.<\/p>\n<p>Un moment de flottement durant lequel m\u00eame le speaker Jean-Luc Filser va y perdre son latin en annon\u00e7ant \u00e0 tort&#8230;<\/p>\n","protected":false},"excerpt":{"rendered":"Comme Habib Diarra et Gu\u00e9la Dou\u00e9, Samuel Amo-Ameyaw est dans les starting-blocks ce samedi \u00e0 la Meinau face&hellip;\n","protected":false},"author":2,"featured_media":57615,"comment_status":"","ping_status":"","sticky":false,"template":"","format":"standard","meta":{"footnotes":""},"categories":[9653],"tags":[1111,11,2389,2430,2649,2880,1777,674,107,63,1011,27,12,9371,25,4001,517,640,2879],"class_list":{"0":"post-57614","1":"post","2":"type-post","3":"status-publish","4":"format-standard","5":"has-post-thumbnail","7":"category-saint-etienne","8":"tag-actu","9":"tag-actualites","10":"tag-alsace","11":"tag-auvergne-rhone-alpes","12":"tag-bas-rhin","13":"tag-edition-strasbourg","14":"tag-eu","15":"tag-europe","16":"tag-fil-info","17":"tag-football","18":"tag-fr","19":"tag-france","20":"tag-news","21":"tag-rcsa-racing-club-strasbourg","22":"tag-republique-francaise","23":"tag-saint-etienne","24":"tag-sport","25":"tag-strasbourg","26":"tag-strasbourg-ville"},"share_on_mastodon":{"url":"https:\/\/pubeurope.com\/@fr\/114411782998487768","error":""},"_links":{"self":[{"href":"https:\/\/www.europesays.com\/fr\/wp-json\/wp\/v2\/posts\/57614","targetHints":{"allow":["GET"]}}],"collection":[{"href":"https:\/\/www.europesays.com\/fr\/wp-json\/wp\/v2\/posts"}],"about":[{"href":"https:\/\/www.europesays.com\/fr\/wp-json\/wp\/v2\/types\/post"}],"author":[{"embeddable":true,"href":"https:\/\/www.europesays.com\/fr\/wp-json\/wp\/v2\/users\/2"}],"replies":[{"embeddable":true,"href":"https:\/\/www.europesays.com\/fr\/wp-json\/wp\/v2\/comments?post=57614"}],"version-history":[{"count":0,"href":"https:\/\/www.europesays.com\/fr\/wp-json\/wp\/v2\/posts\/57614\/revisions"}],"wp:featuredmedia":[{"embeddable":true,"href":"https:\/\/www.europesays.com\/fr\/wp-json\/wp\/v2\/media\/57615"}],"wp:attachment":[{"href":"https:\/\/www.europesays.com\/fr\/wp-json\/wp\/v2\/media?parent=57614"}],"wp:term":[{"taxonomy":"category","embeddable":true,"href":"https:\/\/www.europesays.com\/fr\/wp-json\/wp\/v2\/categories?post=57614"},{"taxonomy":"post_tag","embeddable":true,"href":"https:\/\/www.europesays.com\/fr\/wp-json\/wp\/v2\/tags?post=57614"}],"curies":[{"name":"wp","href":"https:\/\/api.w.org\/{rel}","templated":true}]}}