{"id":576141,"date":"2025-12-03T20:58:18","date_gmt":"2025-12-03T20:58:18","guid":{"rendered":"https:\/\/www.europesays.com\/fr\/576141\/"},"modified":"2025-12-03T20:58:18","modified_gmt":"2025-12-03T20:58:18","slug":"trois-saisons-supplementaires-le-pack-garde-son-capitaine-de-lombre","status":"publish","type":"post","link":"https:\/\/www.europesays.com\/fr\/576141\/","title":{"rendered":"trois saisons suppl\u00e9mentaires, le pack garde son capitaine de l&rsquo;ombre"},"content":{"rendered":"<p>La Section Paloise a officialis\u00e9 la prolongation de Lo\u00efc Credoz pour trois ann\u00e9es suppl\u00e9mentaires. Arriv\u00e9 en provenance d\u2019Oyonnax \u00e0 l\u2019\u00e9t\u00e9 2024, le troisi\u00e8me-ligne de 26 ans s\u2019est impos\u00e9 comme une valeur s\u00fbre du pack palois. Avec 26 apparitions sur 31 possibles lors de sa premi\u00e8re saison, il a rapidement gagn\u00e9 la confiance du staff et de ses co\u00e9quipiers.<\/p>\n<p>\u00a0<\/p>\n<blockquote>\n<p>\u00ab Lo\u00efc Credoz s\u2019est tr\u00e8s rapidement impos\u00e9 en B\u00e9arn. Arriv\u00e9 d\u2019Oyonnax \u00e0 l\u2019\u00e9t\u00e9 2024, le troisi\u00e8me ligne natif des Alpes fait preuve d\u2019une constance et d\u2019une rudesse tr\u00e8s appr\u00e9ci\u00e9es. D\u00e9fenseur rugueux, strat\u00e8ge en touche, joueur besogneux et d\u00e9termin\u00e9, il fait partie de l\u2019excellence de la troisi\u00e8me ligne paloise. Le collectif b\u00e9arnais pourra compter sur Lo\u00efc Credoz jusqu\u2019en 2029 puisqu\u2019il prolonge de trois suppl\u00e9mentaires \u00bb, lit-on sur la page de la <a href=\"https:\/\/www.section-paloise.com\/actualites\/prolongation-loic-credoz-bearnais-jusquen-2029\" target=\"_blank\" rel=\"noopener\">Section Paloise<\/a>.<\/p>\n<\/blockquote>\n<p>\u00a0<\/p>\n<p>La reconnaissance du staff<\/p>\n<p>Pour le manager de la Section, cette prolongation est une \u00e9vidence. Credoz est d\u00e9crit comme un \u00ab combattant exemplaire \u00bb par S\u00e9bastien Piqueronies. Pr\u00e9cieux dans le jeu d\u2019avants et moteur dans le secteur a\u00e9rien, l&rsquo;influence du joueur d\u00e9passe les statistiques. Il s\u2019est mu\u00e9 en leader silencieux, capable de donner le ton dans les moments charni\u00e8res.<\/p>\n<blockquote class=\"twitter-tweet\">\n<p dir=\"ltr\" lang=\"ca\">\u270d\ufe0f \ud835\udc77\ud835\udc93\ud835\udc90\ud835\udc8d\ud835\udc90\ud835\udc8f\ud835\udc88\ud835\udc82\ud835\udc95\ud835\udc8a\ud835\udc90\ud835\udc8f<\/p>\n<p>\ud835\udc3f\ud835\ude30\ud835\udc56\u0308\ud835\ude24 \ud835\ude0a\ud835\udc5f\ud835\ude26\ud835\udc51\ud835\ude30\ud835\udc67 I 2029<br \/>\ud83d\udc49 <a href=\"https:\/\/t.co\/4jxdFkqXcS\">https:\/\/t.co\/4jxdFkqXcS<\/a><a href=\"https:\/\/twitter.com\/hashtag\/HonhaSection?src=hash&amp;ref_src=twsrc%5Etfw\" target=\"_blank\" rel=\"noopener\">#HonhaSection<\/a> <a href=\"https:\/\/t.co\/cnU4Oirz6q\">pic.twitter.com\/cnU4Oirz6q<\/a><\/p>\n<p>\u2014 Section Paloise B\u00e9arn Pyr\u00e9n\u00e9es (@SectionPaloise) <a href=\"https:\/\/twitter.com\/SectionPaloise\/status\/1996149932625899873?ref_src=twsrc%5Etfw\" target=\"_blank\" rel=\"noopener\">December 3, 2025<\/a><\/p>\n<\/blockquote>\n<p>Partagez cette info avec vos amis et vos proches en cliquant ici<br \/>Pour r\u00e9sumer<\/p>\n<p>Lo\u00efc Credoz prolonge pour trois saisons avec la Section Paloise. Strat\u00e8ge en touche et pilier du collectif, le troisi\u00e8me-ligne incarne la stabilit\u00e9 mais aussi l\u2019ambition d\u2019un club d\u00e9cid\u00e9 \u00e0 franchir de nouveaux caps en Top 14.<\/p>\n<p> <img decoding=\"async\" width=\"76\" height=\"76\" loading=\"lazy\" src=\"https:\/\/www.europesays.com\/fr\/wp-content\/uploads\/2025\/04\/avatar-quinze.png\" alt=\"Voldi Fr\u00e9jus\u00a0Hounvio\"\/><script async src=\"https:\/\/platform.twitter.com\/widgets.js\" charset=\"utf-8\"><\/script><\/p>\n","protected":false},"excerpt":{"rendered":"La Section Paloise a officialis\u00e9 la prolongation de Lo\u00efc Credoz pour trois ann\u00e9es suppl\u00e9mentaires. Arriv\u00e9 en provenance d\u2019Oyonnax&hellip;\n","protected":false},"author":2,"featured_media":576142,"comment_status":"","ping_status":"","sticky":false,"template":"","format":"standard","meta":{"footnotes":""},"categories":[1416],"tags":[1011,27,479,1468,60,478],"class_list":{"0":"post-576141","1":"post","2":"type-post","3":"status-publish","4":"format-standard","5":"has-post-thumbnail","7":"category-rugby","8":"tag-fr","9":"tag-france","10":"tag-rugby","11":"tag-rugby-football","12":"tag-sports","13":"tag-top-14"},"share_on_mastodon":{"url":"https:\/\/pubeurope.com\/@fr\/115657646470644115","error":""},"_links":{"self":[{"href":"https:\/\/www.europesays.com\/fr\/wp-json\/wp\/v2\/posts\/576141","targetHints":{"allow":["GET"]}}],"collection":[{"href":"https:\/\/www.europesays.com\/fr\/wp-json\/wp\/v2\/posts"}],"about":[{"href":"https:\/\/www.europesays.com\/fr\/wp-json\/wp\/v2\/types\/post"}],"author":[{"embeddable":true,"href":"https:\/\/www.europesays.com\/fr\/wp-json\/wp\/v2\/users\/2"}],"replies":[{"embeddable":true,"href":"https:\/\/www.europesays.com\/fr\/wp-json\/wp\/v2\/comments?post=576141"}],"version-history":[{"count":0,"href":"https:\/\/www.europesays.com\/fr\/wp-json\/wp\/v2\/posts\/576141\/revisions"}],"wp:featuredmedia":[{"embeddable":true,"href":"https:\/\/www.europesays.com\/fr\/wp-json\/wp\/v2\/media\/576142"}],"wp:attachment":[{"href":"https:\/\/www.europesays.com\/fr\/wp-json\/wp\/v2\/media?parent=576141"}],"wp:term":[{"taxonomy":"category","embeddable":true,"href":"https:\/\/www.europesays.com\/fr\/wp-json\/wp\/v2\/categories?post=576141"},{"taxonomy":"post_tag","embeddable":true,"href":"https:\/\/www.europesays.com\/fr\/wp-json\/wp\/v2\/tags?post=576141"}],"curies":[{"name":"wp","href":"https:\/\/api.w.org\/{rel}","templated":true}]}}