{"id":576145,"date":"2025-12-03T21:03:13","date_gmt":"2025-12-03T21:03:13","guid":{"rendered":"https:\/\/www.europesays.com\/fr\/576145\/"},"modified":"2025-12-03T21:03:13","modified_gmt":"2025-12-03T21:03:13","slug":"yael-joalland-le-contrat-de-la-resilience-actualite","status":"publish","type":"post","link":"https:\/\/www.europesays.com\/fr\/576145\/","title":{"rendered":"Ya\u00ebl Joalland, le contrat de la r\u00e9silience &#8211; Actualit\u00e9"},"content":{"rendered":"<p style=\"text-align: justify;\">La belle histoire continue. Miracul\u00e9 il y a pr\u00e8s de deux ans sur les routes du Grand Prix de Marseille-La Marseillaise (1.1), <strong><a href=\"https:\/\/www.directvelo.com\/actualite\/110955\/toujours-cloue-au-lit-yael-joalland-aurait-pu-y-passer\" target=\"_blank\" rel=\"noopener\">o\u00f9 il aurait pu perdre la vie<\/a><\/strong>, Ya\u00ebl Joalland avait, apr\u00e8s un tr\u00e8s long et \u00e2pre combat, r\u00e9ussi \u00e0 se reconstruire physiquement, puis \u00e0 remonter sur son v\u00e9lo <strong><a href=\"https:\/\/www.directvelo.com\/actualite\/115392\/yael-joalland-une-nouvelle-vie-commence\" target=\"_blank\" rel=\"noopener\">et m\u00eame \u00e0 reprendre la comp\u00e9tition en toute fin de saison 2024<\/a><\/strong>. Depuis, le natif de Saint-Nazaire, d\u00e9sormais install\u00e9 \u00e0 Nice, a pu r\u00e9aliser une saison irr\u00e9guli\u00e8re mais pleine en 2025. L\u2019occasion de prouver aux dirigeants de la formation CIC U Nantes qu\u2019il \u00e9tait toujours capable d\u2019\u00e9voluer \u00e0 haut niveau. Mieux encore : l\u2019athl\u00e8te de 25 ans est m\u00eame parvenu \u00e0\u00a0donner envie \u00e0 une structure de premier plan, Cofidis, de le recruter pour les deux prochaines saisons. <br \/><strong>LES COLS PYR\u00c9N\u00c9ENS DE LA ROUTE D\u2019OCCITANIE POUR CONVAINCRE C\u00c9DRIC VASSEUR<\/strong><strong><br \/><\/strong><strong><br \/><\/strong>\u201cC\u2019est clair que c\u2019est beau. Je pense quand m\u00eame avoir de la chance par rapport \u00e0 d\u2019autres coureurs qui ont parfois eu des blessures moins graves mais n\u2019ont pourtant jamais pu revenir\u201d, l\u00e2che-t-il modestement aupr\u00e8s de DirectVelo. Le d\u00e9sormais ex-Nantais conc\u00e8de du bout des l\u00e8vres qu\u2019il s\u2019agit d\u2019une \u201cpetite revanche\u201d, alors que sa carri\u00e8re aurait (aussi) pu s\u2019arr\u00eater l\u2019hiver dernier. Bien lui a pris en effet de disputer le Grand Prix d\u2019Isbergues et Paris-Chauny fin 2024 afin de prouver qu\u2019il \u00e9tait encore capable de tenir le rythme de la comp\u00e9tition, sans quoi il n\u2019aurait peut-\u00eatre pas \u00e9t\u00e9 renouvel\u00e9 l\u2019ann\u00e9e suivante, et alors m\u00eame qu\u2019il aurait\u00a0sans doute \u00e9t\u00e9 plus raisonnable d\u2019attendre quelques mois suppl\u00e9mentaires et d\u00e9but 2025 pour retrouver la comp\u00e9tition. <strong><a href=\"https:\/\/www.directvelo.com\/actualite\/118940\/yael-joalland-l-incredulite-d-un-indestructible\" target=\"_blank\" rel=\"noopener\">Ya\u00ebl Joalland avait d\u2019ailleurs finalement d\u00fb repasser sur le billard entre-temps, au mois de novembre<\/a><\/strong>. Sa carri\u00e8re aurait alors pu prendre un tout autre tournant mais il a \u00e9t\u00e9 r\u00e9compens\u00e9 de sa r\u00e9silience. \u00a0 <br \/>Solide 12e du Tour des Alpes-Maritimes en d\u00e9but de saison,\u00a0<strong><a href=\"https:\/\/www.directvelo.com\/coureur\/21589\/yael-joalland\" target=\"_blank\" rel=\"noopener\">Ya\u00ebl Joalland<\/a><\/strong> avait une premi\u00e8re fois \u00e9t\u00e9 pist\u00e9 par la structure nordiste, qui attendait un autre r\u00e9sultat de premier plan pour l\u2019engager. \u201cJe visais le triptyque dans le Doubs et le Jura pour les convaincre mais je suis pass\u00e9 \u00e0 c\u00f4t\u00e9. Finalement, \u00e7a aura \u00e9t\u00e9 la Route d\u2019Occitanie\u201d, confie apr\u00e8s coup celui qui s\u2019\u00e9tait \u00e9galement vu proposer, tr\u00e8s t\u00f4t dans l\u2019ann\u00e9e, un contrat du c\u00f4t\u00e9 de l\u2019\u00e9quipe Unibet Tietema Rockets. Ya\u00ebl Joalland avait alors pr\u00e9f\u00e9r\u00e9 faire preuve de patience et voir comment la saison allait se d\u00e9rouler. \u201cSi tu signes un contrat en f\u00e9vrier et que tu fais une saison de fou derri\u00e8re, tu peux potentiellement te mordre les doigts\u2026 Mon nouvel agent (Joona Laukka, NDLR) m&rsquo;avait assur\u00e9 qu&rsquo;il \u00e9tait possible de viser le niveau WorldTour\u201d.<\/p>\n<p><strong>DES S\u00c9ANCES HEBDOMADAIRES AU KIN\u00c9 MAIS PAS DE DOULEURS EN COMP\u00c9TITION<\/strong><\/p>\n<p>C\u00e9dric Vasseur, qui \u00e9tait alors encore le manager de Cofidis, s\u2019est assur\u00e9 d\u2019avoir diff\u00e9rentes garanties aupr\u00e8s de Ya\u00ebl Joalland avant de l\u2019enr\u00f4ler pour deux saisons. \u201cIl voulait savoir si j\u2019avais toujours peur dans les descentes, si j\u2019\u00e9tais pr\u00eat \u00e0 prendre des risques. J\u2019ai simplement r\u00e9pondu que si je n\u2019\u00e9tais plus pr\u00eat \u00e0 prendre de risques, je serais rest\u00e9 chez moi apr\u00e8s mon accident\u201d. Un argument qui a visiblement convaincu le Nordiste.<\/p>\n<p>Ya\u00ebl Joalland assure n\u2019avoir aujourd\u2019hui plus la moindre g\u00eane sur le v\u00e9lo, mais il continue de vivre avec des douleurs au dos, dans la vie de tous les jours. \u201cC\u2019est le cas quand je reste trop longtemps debout ou \u00e0 marcher, alors Cofidis a envisag\u00e9 de signer une clause pour m\u2019interdire d\u2019aller faire du shopping\u201d, plaisante-t-il. L\u2019ancien coureur du VCP Loud\u00e9ac et du CC Etupes est toujours suivi par un kin\u00e9sith\u00e9rapeute, une fois par semaine, pour soulager ses douleurs dorsales, tout en continuant les exercices sp\u00e9cifiques de gainage. \u201cMais il n\u2019y a pas de probl\u00e8mes en course, si ce n\u2019est que \u00e7a tire sur le dos quand il y a des bordures et qu\u2019il faut emmener beaucoup de braquet. Sinon, tout va bien, je ne suis pas handicap\u00e9\u201d.<\/p>\n<p><strong><strong>L\u2019ENVIE DE D\u00c9COUVRIR PARIS-NICE ET LE DAUPHIN\u00c9 <\/strong><strong>\u00a0<\/strong><\/strong><\/p>\n<p><strong>Pour 2026, celui qui est d\u00e9sormais entra\u00een\u00e9 par Mathieu Defontaine attend les stages de pr\u00e9-saison de sa nouvelle \u00e9quipe pour en savoir davantage sur son futur calendrier et les attentes de son nouveau manager, <strong><a href=\"https:\/\/www.directvelo.com\/actualite\/124623\/raphael-jeune-la-mayonnaise-a-bien-pris\" target=\"_blank\" rel=\"noopener\">Rapha\u00ebl Jeune, qui a r\u00e9cemment pris les commandes de la structure<\/a><\/strong>. \u201cPour l\u2019instant, on m\u2019a simplement dit que j\u2019allais d\u00e9couvrir\u201d. Le grimpeur sait qu\u2019il va devoir se faire une place au sein d\u2019un effectif en reconstruction pour esp\u00e9rer d\u00e9couvrir des courses de prestige auxquelles il n\u2019avait pas encore eu l\u2019occasion de pr\u00e9tendre jusqu\u2019\u00e0 pr\u00e9sent, en \u00e9voluant au niveau Continental.<\/strong><\/p>\n<p><strong>En ce sens, \u201cle mois de f\u00e9vrier sera d\u00e9j\u00e0 important\u201d pour gagner des rangs dans la hi\u00e9rarchie interne, sur des courses qu\u2019il affectionne et conna\u00eet d\u00e9j\u00e0 dans le sud de la France. Avec l\u2019espoir d\u2019\u00eatre s\u00e9lectionn\u00e9 pour Paris-Nice, \u00e9preuve de prestige qu\u2019il\u00a0voudrait d\u00e9couvrir en mars prochain. \u201cJ\u2019aimerais beaucoup faire le Dauphin\u00e9 aussi, c\u2019est un objectif\u201d. Quoi qu\u2019il en soit, la saison \u00e0 venir sera forc\u00e9ment faite de\u00a0nouveaut\u00e9s pour Ya\u00ebl Joalland. Et le meilleur est peut-\u00eatre bien \u00e0 venir pour un gar\u00e7on qui revient de si loin qu\u2019il n\u2019a pas grand-chose \u00e0 perdre dans ce nouveau d\u00e9fi.<\/strong><\/p>\n","protected":false},"excerpt":{"rendered":"La belle histoire continue. Miracul\u00e9 il y a pr\u00e8s de deux ans sur les routes du Grand Prix&hellip;\n","protected":false},"author":2,"featured_media":576146,"comment_status":"","ping_status":"","sticky":false,"template":"","format":"standard","meta":{"footnotes":""},"categories":[1411],"tags":[834,828,836,829,837,827,83,826,824,823,1154,207,814,817,815,816,822,821,832,211,839,1011,27,820,818,819,835,831,830,833,838,60,212,208,825],"class_list":{"0":"post-576145","1":"post","2":"type-post","3":"status-publish","4":"format-standard","5":"has-post-thumbnail","7":"category-cyclisme","8":"tag-attaque","9":"tag-belgique","10":"tag-braquet","11":"tag-bretagne","12":"tag-chute","13":"tag-competition","14":"tag-coupe-de-france","15":"tag-coureur","16":"tag-course-cyclisme","17":"tag-course-cycliste","18":"tag-cycling","19":"tag-cyclisme","20":"tag-direct","21":"tag-direct-velo","22":"tag-directvelo","23":"tag-directvelo-com","24":"tag-epreuve","25":"tag-epreuve-cycliste","26":"tag-federation-francaise-de-cyclisme","27":"tag-ffc","28":"tag-flandres","29":"tag-fr","30":"tag-france","31":"tag-live","32":"tag-live-course","33":"tag-live-epreuve","34":"tag-peloton","35":"tag-radio-peloton","36":"tag-radio-tour","37":"tag-ravitaillement","38":"tag-relance","39":"tag-sports","40":"tag-uci","41":"tag-velo","42":"tag-velos"},"share_on_mastodon":{"url":"https:\/\/pubeurope.com\/@fr\/115657664481640233","error":""},"_links":{"self":[{"href":"https:\/\/www.europesays.com\/fr\/wp-json\/wp\/v2\/posts\/576145","targetHints":{"allow":["GET"]}}],"collection":[{"href":"https:\/\/www.europesays.com\/fr\/wp-json\/wp\/v2\/posts"}],"about":[{"href":"https:\/\/www.europesays.com\/fr\/wp-json\/wp\/v2\/types\/post"}],"author":[{"embeddable":true,"href":"https:\/\/www.europesays.com\/fr\/wp-json\/wp\/v2\/users\/2"}],"replies":[{"embeddable":true,"href":"https:\/\/www.europesays.com\/fr\/wp-json\/wp\/v2\/comments?post=576145"}],"version-history":[{"count":0,"href":"https:\/\/www.europesays.com\/fr\/wp-json\/wp\/v2\/posts\/576145\/revisions"}],"wp:featuredmedia":[{"embeddable":true,"href":"https:\/\/www.europesays.com\/fr\/wp-json\/wp\/v2\/media\/576146"}],"wp:attachment":[{"href":"https:\/\/www.europesays.com\/fr\/wp-json\/wp\/v2\/media?parent=576145"}],"wp:term":[{"taxonomy":"category","embeddable":true,"href":"https:\/\/www.europesays.com\/fr\/wp-json\/wp\/v2\/categories?post=576145"},{"taxonomy":"post_tag","embeddable":true,"href":"https:\/\/www.europesays.com\/fr\/wp-json\/wp\/v2\/tags?post=576145"}],"curies":[{"name":"wp","href":"https:\/\/api.w.org\/{rel}","templated":true}]}}