{"id":576149,"date":"2025-12-03T21:05:14","date_gmt":"2025-12-03T21:05:14","guid":{"rendered":"https:\/\/www.europesays.com\/fr\/576149\/"},"modified":"2025-12-03T21:05:14","modified_gmt":"2025-12-03T21:05:14","slug":"la-maladie-a-gagne-son-terrible-constat","status":"publish","type":"post","link":"https:\/\/www.europesays.com\/fr\/576149\/","title":{"rendered":"\u00ab\u00a0La maladie a gagn\u00e9&#8230;\u00a0\u00bb, son terrible constat"},"content":{"rendered":"<p>La journaliste et \u00e9crivaine <a href=\"https:\/\/www.telestar.fr\/people\/interview-elisabeth-quin-avec-28-minutes-on-fait-quelque-chose-de-different-des-383274\" target=\"_blank\" rel=\"noopener\"><br \/>\nElisabeth Quin<\/a> a livr\u00e9 un constat tr\u00e8s sombre sur l\u2019\u00e9volution<br \/>\nde sa maladie. Elle a notamment expliqu\u00e9 que <strong>son glaucome a<br \/>\n\u00ab\u00a0gagn\u00e9 du terrain\u00a0\u00bb<\/strong> en particulier sur son \u0153il gauche. Son<br \/>\nquotidien s\u2019en trouve de plus en plus compliqu\u00e9.<\/p>\n<p>Malgr\u00e9 des traitements lourds et un suivi r\u00e9gulier, elle sait<br \/>\nqu\u2019elle doit vivre avec la perspective <strong>d\u2019une perte de<br \/>\nvision progressive<\/strong>, ce qui nourrit autant ses angoisses<br \/>\nque sa d\u00e9termination.\u200b<\/p>\n<p>Une maladie qui progresse<\/p>\n<p>Elisabeth Quin a \u00e9t\u00e9 diagnostiqu\u00e9e il y a plusieurs ann\u00e9es<br \/>\n<a href=\"https:\/\/www.telestar.fr\/people\/elisabeth-quin-son-temoignage-bouleversant-sur-sa-lutte-contre-la-cecite-552866\" target=\"_blank\" rel=\"noopener\"><br \/>\nd\u2019un double glaucome.<\/a> Il s\u00a0\u00bbagit d&rsquo;une atteinte chronique des<br \/>\nyeux qui d\u00e9truit progressivement le nerf optique. Depuis, la<br \/>\njournaliste voit sa vue se d\u00e9grader au fil du temps. Elle a<br \/>\nexpliqu\u00e9 que son \u0153il gauche est d\u00e9sormais <strong>plus ab\u00eem\u00e9<br \/>\nqu\u2019auparavant.<\/strong> En effet, la maladie y a clairement avanc\u00e9,<br \/>\nm\u00eame si les soins sp\u00e9cialis\u00e9s re\u00e7us \u00e0 l\u2019h\u00f4pital permettent de<br \/>\nstabiliser partiellement la situation.\u200b<\/p>\n<p>Cette pathologie s\u2019inscrit dans la dur\u00e9e et impose <strong>un<br \/>\ntraitement au long cours<\/strong>, notamment des collyres. Elle<br \/>\nn\u00e9cessite parfois des interventions, avec des effets secondaires<br \/>\nphysiques et psychologiques lourds \u00e0 supporter. La journaliste<br \/>\nsouligne que le glaucome est souvent silencieux et d\u00e9couvert trop<br \/>\ntard. Cela la pousse \u00e0 sensibiliser le public \u00e0 l\u2019importance du<br \/>\nd\u00e9pistage r\u00e9gulier, surtout en cas d\u2019ant\u00e9c\u00e9dents familiaux.\u200b<\/p>\n<p>Un quotidien r\u00e9organis\u00e9 mais<br \/>\ncombatif<\/p>\n<p>Face \u00e0 <a href=\"https:\/\/www.telestar.fr\/actu-tv\/autres-emissions\/elisabeth-quin-malade-son-etat-de-sante-se-degrade-l-animatrice-donne-de-tristes-nouvelles-822697\" target=\"_blank\" rel=\"noopener\"><br \/>\ncette menace de c\u00e9cit\u00e9,<\/a> Elisabeth Quin a d\u00fb adapter en<br \/>\nprofondeur sa vie personnelle et professionnelle. Elle n&rsquo;a<br \/>\ntoutefois <strong>pas renonc\u00e9 \u00e0 son m\u00e9tier<\/strong>. Sur les<br \/>\nplateaux de t\u00e9l\u00e9vision, l\u2019\u00e9clairage et le mat\u00e9riel ont \u00e9t\u00e9 am\u00e9nag\u00e9s<br \/>\n: prompteur agrandi, caract\u00e8res plus gros, lumi\u00e8re moins agressive,<br \/>\nafin qu\u2019elle puisse continuer \u00e0 pr\u00e9senter son \u00e9mission malgr\u00e9 sa<br \/>\nd\u00e9ficience visuelle.\u200b<\/p>\n<p>Dans ses prises de parole publiques et ses \u00e9crits, elle<br \/>\ntransforme <strong>cette \u00e9preuve en engagement<\/strong>, en parlant<br \/>\nouvertement de ses peurs, de la douleur et des limites que lui<br \/>\nimpose la maladie, mais aussi de la force qu\u2019elle puise dans ce<br \/>\ncombat. Son t\u00e9moignage, \u00e0 la fois lucide et alarmant, met en<br \/>\nlumi\u00e8re la r\u00e9alit\u00e9 d\u2019une maladie qui gagne du terrain, tout en<br \/>\noffrant un message de vigilance et de r\u00e9silience aux personnes<br \/>\nconcern\u00e9es par les troubles de la vision.<\/p>\n","protected":false},"excerpt":{"rendered":"La journaliste et \u00e9crivaine Elisabeth Quin a livr\u00e9 un constat tr\u00e8s sombre sur l\u2019\u00e9volution de sa maladie. Elle&hellip;\n","protected":false},"author":2,"featured_media":576150,"comment_status":"","ping_status":"","sticky":false,"template":"","format":"standard","meta":{"footnotes":""},"categories":[1359],"tags":[548,58,59,1011,27,973],"class_list":{"0":"post-576149","1":"post","2":"type-post","3":"status-publish","4":"format-standard","5":"has-post-thumbnail","7":"category-people","8":"tag-article-simple","9":"tag-divertissement","10":"tag-entertainment","11":"tag-fr","12":"tag-france","13":"tag-people"},"share_on_mastodon":{"url":"https:\/\/pubeurope.com\/@fr\/115657672302673675","error":""},"_links":{"self":[{"href":"https:\/\/www.europesays.com\/fr\/wp-json\/wp\/v2\/posts\/576149","targetHints":{"allow":["GET"]}}],"collection":[{"href":"https:\/\/www.europesays.com\/fr\/wp-json\/wp\/v2\/posts"}],"about":[{"href":"https:\/\/www.europesays.com\/fr\/wp-json\/wp\/v2\/types\/post"}],"author":[{"embeddable":true,"href":"https:\/\/www.europesays.com\/fr\/wp-json\/wp\/v2\/users\/2"}],"replies":[{"embeddable":true,"href":"https:\/\/www.europesays.com\/fr\/wp-json\/wp\/v2\/comments?post=576149"}],"version-history":[{"count":0,"href":"https:\/\/www.europesays.com\/fr\/wp-json\/wp\/v2\/posts\/576149\/revisions"}],"wp:featuredmedia":[{"embeddable":true,"href":"https:\/\/www.europesays.com\/fr\/wp-json\/wp\/v2\/media\/576150"}],"wp:attachment":[{"href":"https:\/\/www.europesays.com\/fr\/wp-json\/wp\/v2\/media?parent=576149"}],"wp:term":[{"taxonomy":"category","embeddable":true,"href":"https:\/\/www.europesays.com\/fr\/wp-json\/wp\/v2\/categories?post=576149"},{"taxonomy":"post_tag","embeddable":true,"href":"https:\/\/www.europesays.com\/fr\/wp-json\/wp\/v2\/tags?post=576149"}],"curies":[{"name":"wp","href":"https:\/\/api.w.org\/{rel}","templated":true}]}}