{"id":576153,"date":"2025-12-03T21:08:12","date_gmt":"2025-12-03T21:08:12","guid":{"rendered":"https:\/\/www.europesays.com\/fr\/576153\/"},"modified":"2025-12-03T21:08:12","modified_gmt":"2025-12-03T21:08:12","slug":"ardennes-le-telefilm-inedit-avec-david-hallyday-diffuse-ce-mercredi-3-decembre-2025-sur-france-2-aura-t-il-une-suite-programme-tv-net","status":"publish","type":"post","link":"https:\/\/www.europesays.com\/fr\/576153\/","title":{"rendered":"Ardennes : Le t\u00e9l\u00e9film in\u00e9dit avec David Hallyday diffus\u00e9 ce mercredi 3 d\u00e9cembre 2025 sur France 2 aura-t-il une suite ? &#8211; programme-tv.net"},"content":{"rendered":"<ol>\n<li><a href=\"https:\/\/news.google.com\/rss\/articles\/CBMi_AFBVV95cUxNTy1sUzE2bW01YUY0UGNYWW1BV1p4bmtSWlZlVy12VDBLa1ZQQTFMc2Exa2l5Q2RKMGx2RUdjc3dfZXZJU2JXZXhFMVF0LUZ1dzh5dXNPazYxc0lxbFc1eWxVeU9UTEdYOEsya3lRMFdMWnJQVTRCWnBvQ3hKeVRyX3lUdmtYZ0ZZTkRzdnk4N1N2Q01tdzROSWpNaTZmQ2RRU3VqelYtR0xWa3JKZ3JMRk9TbUpuOVJRMjRfYUhOTHA2cTVXSVJBNmxZTXEybTQzTFRRVHB4TkhEdHowdjVJLTBHQzBjOE9VMTBzWFhRdXl0TThqYlAwTEtTOWs?oc=5\" target=\"_blank\" rel=\"noopener\">Ardennes : Le t\u00e9l\u00e9film in\u00e9dit avec David Hallyday diffus\u00e9 ce mercredi 3 d\u00e9cembre 2025 sur France 2 aura-t-il une suite ?<\/a>&nbsp;&nbsp;programme-tv.net<\/li>\n<li><a href=\"https:\/\/news.google.com\/rss\/articles\/CBMinAFBVV95cUxNMVd0aGE4LWd6ZzNFSEp2dVFyd1hxWVFOQ2xLOGpjVVphVGJscGRES1hSRnhoVTRpUENZU2YyUWhjWTdybTlVa3BWbU9rWjdKbzRaS0xSOFhhSEs2SHM3SjVUWlJSYkpCQWNiZ0N2UkpGQkdLXzdXNi1ZTG9hV3BOcHNNM3pjZy1icmZkREVWaEdaMEpibEQ1cW5PcFU?oc=5\" target=\"_blank\" rel=\"noopener\">David Hallyday et Lubna Azabal traquent un tueur en s\u00e9rie<\/a>&nbsp;&nbsp;francetelevisions.fr<\/li>\n<li><a href=\"https:\/\/news.google.com\/rss\/articles\/CBMi3wFBVV95cUxQMWdEeXh3bmdHb3FNTVhZaXhvaDdJbVFMYkV3YTlnX1VVYUpOakhzcVBhMmhlZkQ4Yk5XcTItZFJCZTNZdFpsQW1DaFc5QzhYZGRxbGoyOXo3cklxSnM1UHQ3UzRRMzRmbF83VS1JMk9LT2Q3U3o5TTlwdVFwVTJ4bVR3bUZlWWpvdHotWVU5TEdsaW1jOFY0Zy1mbGxUUk56aUYyaUNFYTlkS3ZXTVc0dUU1clZKWWFfYV94M0VGbUNaT2Q3WG9XdG9WQm96MjhaZ0x4YTJBSVBDVlZRUTJN?oc=5\" target=\"_blank\" rel=\"noopener\">\u201cArdennes, toute \u00e2me a ses petits secrets\u201d : David Hallyday, alias Dr Rimbaud, perdu dans un pur navet<\/a>&nbsp;&nbsp;T\u00e9l\u00e9rama<\/li>\n<li><a href=\"https:\/\/news.google.com\/rss\/articles\/CBMizgFBVV95cUxPcm10WUhPS2w0WXBOVlZuTGlKV1RXZHFid1pfVVdWQzE3aVpoY2NLb2w2Ti1yeXpXM0laN2s3aE1WQUVaQ0EyT1VnTkVSSXd6cFNKazVHdnBaQkh6ZFpoZWM2VXVXY2NQMjR3dWZfLW5hZXh6aFVBcXduUHFfR1pGR3B0Zkk0TzJocTFtYXJaaVJkSFEtRWNRS0xrMEc3QU8xOFJBdEVBSklpZkNTaDRRSjJzcFJCOGlfbjJYaE5EZWpWWWx4N3FPTXMzc0NaZw?oc=5\" target=\"_blank\" rel=\"noopener\">T\u00e9l\u00e9vision. David Hallyday campe un \u00e9nigmatique psychiatre dans le t\u00e9l\u00e9film \u00ab Ardennes \u00bb<\/a>&nbsp;&nbsp;Sud Ouest<\/li>\n<li><a href=\"https:\/\/news.google.com\/rss\/articles\/CBMivwFBVV95cUxNOUtWTDBqQjlqYXQzZ3pqQktfd3VidXh0ck42VlZrTk1ZSnZqaEJLRzVPRV9QQU9jVmVZRmpFdlEwdW5NNF9XNHBOcGtfeUpyZEZOYUdsV1duS1M4X29sdWMyQ09HakdZbUd3QkVLMWg2ZGRhSkVuYnF0Z19JYnFYcFBka0lqdWsxcld2dGlLQ3I4QVFoenNaOGh2ZEFLQlJqSlE0LXBuVk5LeVpfSkMxMGVjaUVncDdhVWNZcjBlTQ?oc=5\" target=\"_blank\" rel=\"noopener\">David Hallyday pour la fiction \u00ab\u00a0Ardennes\u00a0\u00bb<\/a>&nbsp;&nbsp;Radio France<\/li>\n<\/ol>\n","protected":false},"excerpt":{"rendered":"Ardennes : Le t\u00e9l\u00e9film in\u00e9dit avec David Hallyday diffus\u00e9 ce mercredi 3 d\u00e9cembre 2025 sur France 2 aura-t-il&hellip;\n","protected":false},"author":2,"featured_media":395849,"comment_status":"","ping_status":"","sticky":false,"template":"","format":"standard","meta":{"footnotes":""},"categories":[1356],"tags":[58,59,1011,27,252,1364],"class_list":{"0":"post-576153","1":"post","2":"type-post","3":"status-publish","4":"format-standard","5":"has-post-thumbnail","7":"category-television","8":"tag-divertissement","9":"tag-entertainment","10":"tag-fr","11":"tag-france","12":"tag-television","13":"tag-tv"},"share_on_mastodon":{"url":"https:\/\/pubeurope.com\/@fr\/115657684187486144","error":""},"_links":{"self":[{"href":"https:\/\/www.europesays.com\/fr\/wp-json\/wp\/v2\/posts\/576153","targetHints":{"allow":["GET"]}}],"collection":[{"href":"https:\/\/www.europesays.com\/fr\/wp-json\/wp\/v2\/posts"}],"about":[{"href":"https:\/\/www.europesays.com\/fr\/wp-json\/wp\/v2\/types\/post"}],"author":[{"embeddable":true,"href":"https:\/\/www.europesays.com\/fr\/wp-json\/wp\/v2\/users\/2"}],"replies":[{"embeddable":true,"href":"https:\/\/www.europesays.com\/fr\/wp-json\/wp\/v2\/comments?post=576153"}],"version-history":[{"count":0,"href":"https:\/\/www.europesays.com\/fr\/wp-json\/wp\/v2\/posts\/576153\/revisions"}],"wp:featuredmedia":[{"embeddable":true,"href":"https:\/\/www.europesays.com\/fr\/wp-json\/wp\/v2\/media\/395849"}],"wp:attachment":[{"href":"https:\/\/www.europesays.com\/fr\/wp-json\/wp\/v2\/media?parent=576153"}],"wp:term":[{"taxonomy":"category","embeddable":true,"href":"https:\/\/www.europesays.com\/fr\/wp-json\/wp\/v2\/categories?post=576153"},{"taxonomy":"post_tag","embeddable":true,"href":"https:\/\/www.europesays.com\/fr\/wp-json\/wp\/v2\/tags?post=576153"}],"curies":[{"name":"wp","href":"https:\/\/api.w.org\/{rel}","templated":true}]}}