{"id":576165,"date":"2025-12-03T21:16:19","date_gmt":"2025-12-03T21:16:19","guid":{"rendered":"https:\/\/www.europesays.com\/fr\/576165\/"},"modified":"2025-12-03T21:16:19","modified_gmt":"2025-12-03T21:16:19","slug":"loffre-black-friday-red-by-sfr-qui-change-tout","status":"publish","type":"post","link":"https:\/\/www.europesays.com\/fr\/576165\/","title":{"rendered":"l&rsquo;offre Black Friday Red by SFR qui change tout"},"content":{"rendered":"<p>Pour le Black Friday, RED by SFR pr\u00e9sente une offre int\u00e9ressante pour les consommateurs \u00e0 la recherche d\u2019un forfait mobile riche en donn\u00e9es \u00e0 prix r\u00e9duit. Pour 7,99 euros par mois, l\u2019op\u00e9rateur propose un forfait sans engagement avec 120 Go de data en 5G, un volume confortable pour un usage quotidien.<\/p>\n<p>Promo SFR RED Black Friday 2025<\/p>\n<p>D\u00e9couvrez la promotion Red By SFR sur le forfait 120 Go \u00e0 moins de 8\u20ac :<\/p>\n<p><b>120 Go en France + 30 Go \u00e0 l\u2019\u00e9tranger<\/b><\/p>\n<p><img data-lazyloaded=\"1\" data-od-added-loading=\"\" data-od-replaced- data-od-xpath=\"\/HTML\/BODY\/DIV[@id='page']\/*[2][self::DIV]\/*[1][self::DIV]\/*[1][self::DIV]\/*[1][self::MAIN]\/*[2][self::ARTICLE]\/*[2][self::DIV]\/*[4][self::P]\/*[1][self::IMG]\" loading=\"lazy\" decoding=\"async\" class=\"alignnone size-full wp-image-3542\" src=\"https:\/\/www.europesays.com\/fr\/wp-content\/uploads\/2025\/12\/sfr-red-offfe-black-friday.jpg\" alt=\"sfr red offfe black friday\" width=\"800\" height=\"522\"  data-\/><\/p>\n<p>Ce forfait Black Friday est un bon rapport qualit\u00e9 prix. Les 120 Go d\u2019internet mobile en France m\u00e9tropolitaine sont compl\u00e9t\u00e9s par 30 Go utilisables en UE\/DOM. Assez pour voyager l\u2019esprit tranquille sans avoir peur de manquer de donn\u00e9es.<\/p>\n<p><b>Appels et SMS illimit\u00e9s inclus<\/b><\/p>\n<p>Comme tous les forfaits RED, cette promo comprend les appels, SMS et MMS illimit\u00e9s vers la France m\u00e9tropolitaine et les DOM (hors Mayotte). Ces appels sont aussi inclus depuis l\u2019Union europ\u00e9enne vers la France m\u00e9tropolitaine et l\u2019UE, ce qui est pratique pour les voyageurs.<\/p>\n<p><b>La 5G accessible \u00e0 tous<\/b><\/p>\n<p>L\u2019acc\u00e8s \u00e0 la 5G est un avantage de cette offre. Le r\u00e9seau nouvelle g\u00e9n\u00e9ration de SFR, en d\u00e9ploiement sur tout le territoire, permet de b\u00e9n\u00e9ficier de d\u00e9bits th\u00e9oriques jusqu\u2019\u00e0 2 Gb\/s dans les zones couvertes en bande 3,5 GHz. Cette technologie offre une navigation fluide, des t\u00e9l\u00e9chargements rapides et un streaming vid\u00e9o HD.<\/p>\n<p><b>Sans engagement : libert\u00e9 totale garantie<\/b><\/p>\n<p>Le manque d\u2019engagement est l\u2019autre point fort de cette promotion. Contrairement aux forfaits classiques qui vous engagent aupr\u00e8s d\u2019un op\u00e9rateur pendant 12 ou 24 mois, le forfait RED est r\u00e9siliable \u00e0 tout moment sans frais. Cette souplesse se traduit par une adaptation de l\u2019offre. Vous pouvez adapter votre forfait \u00e0 vos besoins depuis l\u2019application RED&amp;Moi ou votre espace client web.<\/p>\n<p><b>Les avantages qui font la diff\u00e9rence<\/b><b>Changement d\u2019op\u00e9rateur facilit\u00e9<\/b><\/p>\n<p>Pour compl\u00e9ter cette offre mobile, RED by SFR vous offre jusqu\u2019\u00e0 5\u20ac rembours\u00e9s sur les frais de r\u00e9siliation de votre ancien op\u00e9rateur. Ce geste commercial permet de faciliter le passage chez RED pour les personnes encore engag\u00e9es chez un autre op\u00e9rateur. L\u2019op\u00e9rateur s\u2019occupe aussi de la conservation du num\u00e9ro avec la portabilit\u00e9 RIO, gratuitement.<\/p>\n<p><b>Option internationale pour les grands voyageurs<\/b><\/p>\n<p>Les plus globe-trotteurs pourront compl\u00e9ter leur forfait avec une option internationale \u00e0 5\u20ac\/mois. Cette option permet de profiter de 20Go utilisables depuis les USA, le Canada, la Suisse et Andorre en plus des 30Go en UE\/DOM.<\/p>\n<p><b>Notre verdict<\/b><\/p>\n<p>Cette offre Black Friday RED by SFR \u00e0 7,99\u20ac par mois est l\u2019une des plus int\u00e9ressantes du moment. Elle s\u2019adresse aux consommateurs \u00e0 la recherche d\u2019un forfait 5G avec beaucoup de data sans engagement. Son rapport qualit\u00e9-prix imbattable et sa flexibilit\u00e9 totale en font une offre \u00e0 ne pas manquer pendant cette promotion.<\/p>\n","protected":false},"excerpt":{"rendered":"Pour le Black Friday, RED by SFR pr\u00e9sente une offre int\u00e9ressante pour les consommateurs \u00e0 la recherche d\u2019un&hellip;\n","protected":false},"author":2,"featured_media":576166,"comment_status":"","ping_status":"","sticky":false,"template":"","format":"standard","meta":{"footnotes":""},"categories":[6],"tags":[35,33,34,1011,27],"class_list":{"0":"post-576165","1":"post","2":"type-post","3":"status-publish","4":"format-standard","5":"has-post-thumbnail","7":"category-economie","8":"tag-business","9":"tag-economie","10":"tag-economy","11":"tag-fr","12":"tag-france"},"share_on_mastodon":{"url":"https:\/\/pubeurope.com\/@fr\/115657716289201444","error":""},"_links":{"self":[{"href":"https:\/\/www.europesays.com\/fr\/wp-json\/wp\/v2\/posts\/576165","targetHints":{"allow":["GET"]}}],"collection":[{"href":"https:\/\/www.europesays.com\/fr\/wp-json\/wp\/v2\/posts"}],"about":[{"href":"https:\/\/www.europesays.com\/fr\/wp-json\/wp\/v2\/types\/post"}],"author":[{"embeddable":true,"href":"https:\/\/www.europesays.com\/fr\/wp-json\/wp\/v2\/users\/2"}],"replies":[{"embeddable":true,"href":"https:\/\/www.europesays.com\/fr\/wp-json\/wp\/v2\/comments?post=576165"}],"version-history":[{"count":0,"href":"https:\/\/www.europesays.com\/fr\/wp-json\/wp\/v2\/posts\/576165\/revisions"}],"wp:featuredmedia":[{"embeddable":true,"href":"https:\/\/www.europesays.com\/fr\/wp-json\/wp\/v2\/media\/576166"}],"wp:attachment":[{"href":"https:\/\/www.europesays.com\/fr\/wp-json\/wp\/v2\/media?parent=576165"}],"wp:term":[{"taxonomy":"category","embeddable":true,"href":"https:\/\/www.europesays.com\/fr\/wp-json\/wp\/v2\/categories?post=576165"},{"taxonomy":"post_tag","embeddable":true,"href":"https:\/\/www.europesays.com\/fr\/wp-json\/wp\/v2\/tags?post=576165"}],"curies":[{"name":"wp","href":"https:\/\/api.w.org\/{rel}","templated":true}]}}