{"id":576171,"date":"2025-12-03T21:19:16","date_gmt":"2025-12-03T21:19:16","guid":{"rendered":"https:\/\/www.europesays.com\/fr\/576171\/"},"modified":"2025-12-03T21:19:16","modified_gmt":"2025-12-03T21:19:16","slug":"ca-va-cogner-dur-a-saint-malo-pendant-les-grandes-marees","status":"publish","type":"post","link":"https:\/\/www.europesays.com\/fr\/576171\/","title":{"rendered":"\u00ab \u00c7a va cogner dur \u00bb \u00e0 Saint-Malo pendant les grandes mar\u00e9es"},"content":{"rendered":"<p>                    Par<br \/>\n        <strong><br \/>\n            <a href=\"https:\/\/actu.fr\/auteur\/thomassavalle-2\" title=\"Consulter tous les articles de Thomas Savalle\" target=\"_blank\" rel=\"noopener\">Thomas Savalle<\/a><br \/>\n                    <\/strong><\/p>\n<p>        Publi\u00e9 le<\/p>\n<p>            3 d\u00e9c. 2025 \u00e0 18h29        <\/p>\n<p>Des vagues de plus de dix m\u00e8tres attendues au large des c\u00f4tes bretonnes. \u00ab\u2009\u00c7a va cogner pendant plusieurs jours\u2009\u00bb, assure Hugo Besnier, passionn\u00e9 par le ph\u00e9nom\u00e8ne.<\/p>\n<p class=\" wall-content\">Les forts coefficients conjugu\u00e9s \u00e0 la houle vont cr\u00e9er des mar\u00e9es spectaculaires ces prochains jours \u00e0 <a href=\"https:\/\/actu.fr\/bretagne\/saint-malo_35288\" target=\"_blank\" rel=\"noopener\">Saint-Malo<\/a> (Ille-et-Vilaine).<\/p>\n<p class=\" wall-content\">\u00ab\u2009On ne peut pas faire mieux\u2009au niveau du timing entre le pic de la houle et la mar\u00e9e la plus haute du mois \u00bb, poursuit celui qui propose des balades autour des grandes mar\u00e9es.<\/p>\n<p class=\" wall-content\"><a href=\"https:\/\/actu.fr\/bretagne\/finistere_29\" target=\"_blank\" rel=\"noopener\">Le Finist\u00e8re<\/a>, les C\u00f4tes-d\u2019Armor et <a href=\"https:\/\/actu.fr\/normandie\/manche_50\" target=\"_blank\" rel=\"noopener\">la Manche<\/a>\u00a0sont d\u00e9j\u00e0 plac\u00e9s en vigilance pour du vent fort et pour \u00ab\u00a0vagues-submersion.<\/p>\n<p>Une surcote<\/p>\n<p class=\" wall-content\">Les coefficients de mar\u00e9e ne d\u00e9passeront pas les deux chiffres (max 98). On est loin <a href=\"https:\/\/actu.fr\/tag\/grandes-marees\" target=\"_blank\" rel=\"noopener\">des grandes mar\u00e9es<\/a>, avec des coefficients sup\u00e9rieurs \u00e0 110. Mais la surcote de 30 \u00e0 40 centim\u00e8tres augmentera la hauteur d\u2019eau de la pleine mer de samedi. Ce qui signifie qu\u2019on aura l\u2019\u00e9quivalant d\u2019une grande mar\u00e9e de coefficient 105 \u00ab\u2009et une hauteur d\u2019eau de 12,8 m\u00e8tres\u2009\u00bb.<\/p>\n<p>Vid\u00e9os : en ce moment sur Actu<br \/>\n    <img   decoding=\"async\" loading=\"lazy\" class=\"size-large\" src=\"https:\/\/www.europesays.com\/fr\/wp-content\/uploads\/2025\/12\/f8682ebd3039610782ebd303924782v-960x640.jpg\" alt=\"Grandes mar\u00e9es\" width=\"960\" height=\"640\"\/><br \/>\n    Soyez prudents sur le bord de mer ces prochains jours \u00e0 Saint-Malo. La houle s\u2019annonce puissante. \u00a9Thierry Besnier\u00ab\u2009Des conditions tr\u00e8s solides\u2009\u00bb<\/p>\n<p class=\" wall-content\">\u00ab\u2009Les conditions seront tr\u00e8s solides samedi matin. On aura des vagues tr\u00e8s esth\u00e9tiques avec de la houle\u2009\u00bb, ajoute Hugo Besnier. Une houle de cinq m\u00e8tres est attendue au large des Minquiers, entre <a href=\"https:\/\/actu.fr\/tag\/jersey\" target=\"_blank\" rel=\"noopener\">Jersey<\/a> et Saint-Malo.<\/p>\n<p>Votre r\u00e9gion, votre actu !<\/p>\n<p>Recevez chaque jour les infos qui comptent pour vous.<\/p>\n<p>\t<a href=\"https:\/\/actu.fr\/newsletter\" class=\"ac-btn ac-btn--corner ac-btn--medium ac-btn--blue800\" target=\"_blank\" rel=\"noopener\">S&rsquo;incrire<\/a><\/p>\n<p class=\" wall-content\">Attention prudence sur le littoral, la houle sera puissante, avec tr\u00e8s peu de vent et des p\u00e9riodes importantes d\u2019accalmie entre chaque vague.<\/p>\n<p class=\" wall-content\">\u00ab\u2009Ainsi, l\u2019observateur peut s\u2019approcher, pensant \u00eatre hors de danger, et se faire surprendre par un puissant rouleau. Soyez tr\u00e8s tr\u00e8s prudents.\u2009\u00bb<\/p>\n<p>Un bapt\u00eame pour la nouvelle cale de Rochebonne<\/p>\n<p class=\" wall-content\">Reste une inconnue \u00e0 Rochebonne. D\u2019importants travaux ont d\u00e9marr\u00e9 au niveau de la cale. Avec un nouveau belv\u00e9d\u00e8re qui a \u00e9t\u00e9 \u00e9largi de trois m\u00e8tres, du c\u00f4t\u00e9 du bar <a href=\"https:\/\/actu.fr\/bretagne\/saint-malo_35288\/saint-malo-apres-53-ans-face-a-la-mer-denise-laisse-son-commerce-avec-emotion_62586176.html\" target=\"_blank\" rel=\"noopener\">Chez Denise<\/a>. \u00ab\u2009Il faudra surveiller. Une chose est s\u00fbre. Il va \u00eatre baptis\u00e9 de la plus belle des fa\u00e7ons.\u2009\u00bb<\/p>\n<p>Les parcs ferm\u00e9s<\/p>\n<p class=\" wall-content\">La mairie de Saint-Malo a pr\u00e9vu de fermer les parcs et jardins\u00a0le Jeudi 4 d\u00e9cembre 2025 \u00e0 12h \u00a0sous r\u00e9serve de l\u2019\u00e9volution de la vigilance m\u00e9t\u00e9o.\u00a0Les parcs et jardins vis\u00e9s : le square Jean Lemasson, jardin des portes Cartier, le parc Bel Air, le parc de la Briantais, le parc des Herbages, le parc du Pont Toqu\u00e9.\u00a0 \u00a0\u00a0<\/p>\n<p class=\" wall-content\">Personnalisez votre actualit\u00e9 en ajoutant vos villes et m\u00e9dias en favori avec <a href=\"https:\/\/moncompte.actu.fr\" title=\"D\u00e9couvez Mon Actu\" rel=\"nofollow noopener\" data-trk=\"{&quot;cta&quot;:{&quot;action&quot;:&quot;https:\\\/\\\/moncompte.actu.fr&quot;,&quot;category&quot;:&quot;mon compte&quot;,&quot;from&quot;:&quot;article footer&quot;,&quot;name&quot;:&quot;Mon actu&quot;,&quot;type&quot;:&quot;cta&quot;}}\" target=\"_blank\">Mon Actu<\/a>.<\/p>\n","protected":false},"excerpt":{"rendered":"Par Thomas Savalle Publi\u00e9 le 3 d\u00e9c. 2025 \u00e0 18h29 Des vagues de plus de dix m\u00e8tres attendues&hellip;\n","protected":false},"author":2,"featured_media":576172,"comment_status":"","ping_status":"","sticky":false,"template":"","format":"standard","meta":{"footnotes":""},"categories":[2],"tags":[11,1011,27,51338,2487,2357,12],"class_list":{"0":"post-576171","1":"post","2":"type-post","3":"status-publish","4":"format-standard","5":"has-post-thumbnail","7":"category-actualites","8":"tag-actualites","9":"tag-fr","10":"tag-france","11":"tag-grandes-marees","12":"tag-meteo","13":"tag-meteo-france","14":"tag-news"},"share_on_mastodon":{"url":"https:\/\/pubeurope.com\/@fr\/115657727485813330","error":""},"_links":{"self":[{"href":"https:\/\/www.europesays.com\/fr\/wp-json\/wp\/v2\/posts\/576171","targetHints":{"allow":["GET"]}}],"collection":[{"href":"https:\/\/www.europesays.com\/fr\/wp-json\/wp\/v2\/posts"}],"about":[{"href":"https:\/\/www.europesays.com\/fr\/wp-json\/wp\/v2\/types\/post"}],"author":[{"embeddable":true,"href":"https:\/\/www.europesays.com\/fr\/wp-json\/wp\/v2\/users\/2"}],"replies":[{"embeddable":true,"href":"https:\/\/www.europesays.com\/fr\/wp-json\/wp\/v2\/comments?post=576171"}],"version-history":[{"count":0,"href":"https:\/\/www.europesays.com\/fr\/wp-json\/wp\/v2\/posts\/576171\/revisions"}],"wp:featuredmedia":[{"embeddable":true,"href":"https:\/\/www.europesays.com\/fr\/wp-json\/wp\/v2\/media\/576172"}],"wp:attachment":[{"href":"https:\/\/www.europesays.com\/fr\/wp-json\/wp\/v2\/media?parent=576171"}],"wp:term":[{"taxonomy":"category","embeddable":true,"href":"https:\/\/www.europesays.com\/fr\/wp-json\/wp\/v2\/categories?post=576171"},{"taxonomy":"post_tag","embeddable":true,"href":"https:\/\/www.europesays.com\/fr\/wp-json\/wp\/v2\/tags?post=576171"}],"curies":[{"name":"wp","href":"https:\/\/api.w.org\/{rel}","templated":true}]}}