{"id":576179,"date":"2025-12-03T21:24:33","date_gmt":"2025-12-03T21:24:33","guid":{"rendered":"https:\/\/www.europesays.com\/fr\/576179\/"},"modified":"2025-12-03T21:24:33","modified_gmt":"2025-12-03T21:24:33","slug":"le-francais-wilfried-nancy-nomme-entraineur-du-celtic-glasgow","status":"publish","type":"post","link":"https:\/\/www.europesays.com\/fr\/576179\/","title":{"rendered":"le Fran\u00e7ais Wilfried Nancy nomm\u00e9 entra\u00eeneur du Celtic Glasgow"},"content":{"rendered":"<p>\n    L\u2019entra\u00eeneur fran\u00e7ais Wilfried Nancy a \u00e9t\u00e9 nomm\u00e9 coach du Celtic, en \u00c9cosse, ce mercredi.<\/p>\n<p class=\"fig-paragraph\">Le Celtic Glasgow, quadruple champion d&rsquo;\u00c9cosse en titre, a annonc\u00e9 mercredi la nomination de\u00a0<a href=\"http:\/\/www.lefigaro.fr\/sports\/football\/wilfried-nancy-l-entraineur-francais-qui-a-seduit-l-amerique-20250228\" target=\"_blank\" data-fig-type=\"NewsFlash\" rel=\"noopener\" data-gtm-custom-categorie=\"navigation\" data-gtm-custom-action=\"crossclick\" data-gtm-custom-label=\"Contextuel\" data-gtm-event=\"customEventSPE\" data-fig-domain=\"LEFIGARO\">Wilfried Nancy<\/a>, entra\u00eeneur fran\u00e7ais de 48 ans \u00e0 la r\u00e9putation \u00e9tablie en Am\u00e9rique du Nord.<\/p>\n<p class=\"fig-paragraph\">Le club au maillot vert et blanc a connu un d\u00e9but de saison troubl\u00e9 par son \u00e9chec en qualifications pour la Ligue des champions et des tensions avec une partie des supporters, m\u00e9contents du mercato estival. Il occupe actuellement la deuxi\u00e8me place en Scottish Premiership, le championnat dont il a remport\u00e9 13 des 14 derni\u00e8res \u00e9ditions, \u00e0 deux points des Hearts et avec un match en plus \u00e0 disputer.<\/p>\n<p>                                            <a class=\"fig-a11y-skip\" href=\"#fig-a11y-skip-main-inarticle\" data-module=\"a11y-skip\" data-context=\"was @visible\"><br \/>\n    Passer la publicit\u00e9<br \/>\n<\/a>            <\/p>\n<p class=\"fig-paragraph\">Martin O&rsquo;Neill assurait l&rsquo;int\u00e9rim chez les \u00abBhoys\u00bb apr\u00e8s la d\u00e9mission de Brendan Rodgers survenue fin octobre. Wilfried Nancy a sign\u00e9 un contrat de deux ans et demi et commencera sa mission jeudi, a pr\u00e9cis\u00e9 le club dans un communiqu\u00e9.<\/p>\n<p class=\"fig-paragraph\">Le natif du Havre s&rsquo;est forg\u00e9 une solide r\u00e9putation de technicien en Am\u00e9rique du Nord, d&rsquo;abord en tant qu&rsquo;adjoint de Thierry Henry \u00e0 Montr\u00e9al, avant d&rsquo;en devenir l&rsquo;entra\u00eeneur principal. Il dirigeait depuis 2022 l&rsquo;\u00e9quipe de Colombus, aux \u00c9tats-Unis. Avec le \u00abCrew\u00bb, il a remport\u00e9 la Coupe du championnat nord-am\u00e9ricain de football (MLS) en 2023 et la League Cup en 2024, r\u00e9coltant au passage le titre d&rsquo;entra\u00eeneur de l&rsquo;ann\u00e9e.<\/p>\n","protected":false},"excerpt":{"rendered":"L\u2019entra\u00eeneur fran\u00e7ais Wilfried Nancy a \u00e9t\u00e9 nomm\u00e9 coach du Celtic, en \u00c9cosse, ce mercredi. Le Celtic Glasgow, quadruple&hellip;\n","protected":false},"author":2,"featured_media":576180,"comment_status":"","ping_status":"","sticky":false,"template":"","format":"standard","meta":{"footnotes":""},"categories":[9635],"tags":[1111,11,454,69,448,83,451,64,1777,450,449,674,1011,27,775,452,453,66,446,447,1702,12,70,25,455],"class_list":{"0":"post-576179","1":"post","2":"type-post","3":"status-publish","4":"format-standard","5":"has-post-thumbnail","7":"category-nancy","8":"tag-actu","9":"tag-actualites","10":"tag-ballon-dor","11":"tag-bundesliga","12":"tag-champions-league","13":"tag-coupe-de-france","14":"tag-coupe-du-monde","15":"tag-equipe-de-france","16":"tag-eu","17":"tag-euro","18":"tag-europa-league","19":"tag-europe","20":"tag-fr","21":"tag-france","22":"tag-grand-est","23":"tag-italie","24":"tag-liga","25":"tag-ligue-1","26":"tag-ligue-2","27":"tag-ligue-des-champions","28":"tag-nancy","29":"tag-news","30":"tag-premier-league","31":"tag-republique-francaise","32":"tag-uefa"},"share_on_mastodon":{"url":"https:\/\/pubeurope.com\/@fr\/115657746990371967","error":""},"_links":{"self":[{"href":"https:\/\/www.europesays.com\/fr\/wp-json\/wp\/v2\/posts\/576179","targetHints":{"allow":["GET"]}}],"collection":[{"href":"https:\/\/www.europesays.com\/fr\/wp-json\/wp\/v2\/posts"}],"about":[{"href":"https:\/\/www.europesays.com\/fr\/wp-json\/wp\/v2\/types\/post"}],"author":[{"embeddable":true,"href":"https:\/\/www.europesays.com\/fr\/wp-json\/wp\/v2\/users\/2"}],"replies":[{"embeddable":true,"href":"https:\/\/www.europesays.com\/fr\/wp-json\/wp\/v2\/comments?post=576179"}],"version-history":[{"count":0,"href":"https:\/\/www.europesays.com\/fr\/wp-json\/wp\/v2\/posts\/576179\/revisions"}],"wp:featuredmedia":[{"embeddable":true,"href":"https:\/\/www.europesays.com\/fr\/wp-json\/wp\/v2\/media\/576180"}],"wp:attachment":[{"href":"https:\/\/www.europesays.com\/fr\/wp-json\/wp\/v2\/media?parent=576179"}],"wp:term":[{"taxonomy":"category","embeddable":true,"href":"https:\/\/www.europesays.com\/fr\/wp-json\/wp\/v2\/categories?post=576179"},{"taxonomy":"post_tag","embeddable":true,"href":"https:\/\/www.europesays.com\/fr\/wp-json\/wp\/v2\/tags?post=576179"}],"curies":[{"name":"wp","href":"https:\/\/api.w.org\/{rel}","templated":true}]}}