{"id":576181,"date":"2025-12-03T21:25:12","date_gmt":"2025-12-03T21:25:12","guid":{"rendered":"https:\/\/www.europesays.com\/fr\/576181\/"},"modified":"2025-12-03T21:25:12","modified_gmt":"2025-12-03T21:25:12","slug":"terre-et-mer-au-centre-du-challenge-eco-2025-innovation","status":"publish","type":"post","link":"https:\/\/www.europesays.com\/fr\/576181\/","title":{"rendered":"Terre et mer au centre du challenge \u00e9co 2025\u00a0innovation"},"content":{"rendered":"<p class=\"fs-5 \">Ce dispositif permet aux entrepreneurs venus pr\u00e9senter leur projet de b\u00e9n\u00e9ficier d\u2019un accompagnement sur mesure pendant un an. Et pour les laur\u00e9ats d\u2019avoir un contrat avec un partenaire local \u00ab pour mener l\u2019exp\u00e9rimentation et \u00e9valuer l&rsquo;impact de leurs projets sur le territoire de la M\u00e9tropole Toulon Provence M\u00e9diterran\u00e9e et plus largement du Var \u00bb.<\/p>\n<p>                                                                                Trois laur\u00e9ats<\/p>\n<p class=\"fs-5 \">Cette ann\u00e9e, l\u2019accent a \u00e9t\u00e9 mis sur les enjeux \u00e9cologiques des \u00e9cosyst\u00e8mes \u201cterre et mer\u201d. Les candidats avaient ainsi quelques minutes pour pitcher leur projet, avec l\u2019objectif de r\u00e9pondre aux enjeux de la transition \u00e9cologique.<\/p>\n<p class=\"fs-5 \">Le 1er prix de 7 000 euros revient \u00e0 Mathieu Boissin fondateur et g\u00e9rant de Batterie Lithium Service, qui donne une seconde vie aux batteries hors service \u00ab en rempla\u00e7ant les cellules d\u00e9fectueuses par des cellules neuves \u00bb, explique le jeune Hy\u00e9rois, qui a r\u00e9alis\u00e9 25 000 euros de chiffre d\u2019affaires cet \u00e9t\u00e9.<\/p>\n<p class=\"fs-5 \">Anne Desmaison de l\u2019entreprise OliviAnne remporte le 2e prix &#8211; 1 500 euros \u2013 en proposant \u00ab une solution ancestrale naturelle : planter des arbres dans des microfor\u00eats urbaines \u00bb. Un \u00eelot de fra\u00eecheur \u00e0 la place d\u2019un \u00eelot de chaleur, selon la m\u00e9thode Miyawaki. La cheffe d\u2019entreprise r\u00e9alise ainsi 80 000 euros de chiffre d\u2019affaires depuis 2022. Au total, 4 600 m2 ont \u00e9t\u00e9 \u00ab renatur\u00e9s \u00bb et 13 660 arbres plant\u00e9s.<\/p>\n<p class=\"fs-5 \">Amaury Gaud\u00e9 a pr\u00e9sent\u00e9 Octav, une plateforme de lavage automobile \u00e9conome en eau qui connecte les automobilistes avec les professionnels. Son ambition ? Atteindre 85 000 euros de chiffre d\u2019affaires en 2026. Il repart \u00e9galement avec un ch\u00e8que de 1 500 euros. Et enfin, le coup de c\u0153ur du jury revient \u00e0 Margot Hannequart de La Ferme du Lambert, qui recycle la laine de moutons en objets et v\u00eatements \u00e0 Collobri\u00e8res.<\/p>\n","protected":false},"excerpt":{"rendered":"Ce dispositif permet aux entrepreneurs venus pr\u00e9senter leur projet de b\u00e9n\u00e9ficier d\u2019un accompagnement sur mesure pendant un an.&hellip;\n","protected":false},"author":2,"featured_media":576182,"comment_status":"","ping_status":"","sticky":false,"template":"","format":"standard","meta":{"footnotes":""},"categories":[9619],"tags":[1111,11,1777,674,1011,27,12,882,25,2310],"class_list":{"0":"post-576181","1":"post","2":"type-post","3":"status-publish","4":"format-standard","5":"has-post-thumbnail","7":"category-toulon","8":"tag-actu","9":"tag-actualites","10":"tag-eu","11":"tag-europe","12":"tag-fr","13":"tag-france","14":"tag-news","15":"tag-provence-alpes-cote-dazur","16":"tag-republique-francaise","17":"tag-toulon"},"share_on_mastodon":{"url":"https:\/\/pubeurope.com\/@fr\/115657750964836546","error":""},"_links":{"self":[{"href":"https:\/\/www.europesays.com\/fr\/wp-json\/wp\/v2\/posts\/576181","targetHints":{"allow":["GET"]}}],"collection":[{"href":"https:\/\/www.europesays.com\/fr\/wp-json\/wp\/v2\/posts"}],"about":[{"href":"https:\/\/www.europesays.com\/fr\/wp-json\/wp\/v2\/types\/post"}],"author":[{"embeddable":true,"href":"https:\/\/www.europesays.com\/fr\/wp-json\/wp\/v2\/users\/2"}],"replies":[{"embeddable":true,"href":"https:\/\/www.europesays.com\/fr\/wp-json\/wp\/v2\/comments?post=576181"}],"version-history":[{"count":0,"href":"https:\/\/www.europesays.com\/fr\/wp-json\/wp\/v2\/posts\/576181\/revisions"}],"wp:featuredmedia":[{"embeddable":true,"href":"https:\/\/www.europesays.com\/fr\/wp-json\/wp\/v2\/media\/576182"}],"wp:attachment":[{"href":"https:\/\/www.europesays.com\/fr\/wp-json\/wp\/v2\/media?parent=576181"}],"wp:term":[{"taxonomy":"category","embeddable":true,"href":"https:\/\/www.europesays.com\/fr\/wp-json\/wp\/v2\/categories?post=576181"},{"taxonomy":"post_tag","embeddable":true,"href":"https:\/\/www.europesays.com\/fr\/wp-json\/wp\/v2\/tags?post=576181"}],"curies":[{"name":"wp","href":"https:\/\/api.w.org\/{rel}","templated":true}]}}