{"id":576183,"date":"2025-12-03T21:26:12","date_gmt":"2025-12-03T21:26:12","guid":{"rendered":"https:\/\/www.europesays.com\/fr\/576183\/"},"modified":"2025-12-03T21:26:12","modified_gmt":"2025-12-03T21:26:12","slug":"toulon-meteo-jeudi-en-provence-alpes-cote-dazur-le-ciel-partage-entre-nuages-residuels-et-belles-eclaircies","status":"publish","type":"post","link":"https:\/\/www.europesays.com\/fr\/576183\/","title":{"rendered":"TOULON : M\u00e9t\u00e9o &#8211; Jeudi, en Provence-Alpes-C\u00f4te-d\u2019Azur, le ciel partag\u00e9 entre nuages r\u00e9siduels et belles \u00e9claircies"},"content":{"rendered":"<p><strong>Ce jeudi, en Provence-Alpes-C\u00f4te-d\u2019Azur, le ciel reste partag\u00e9 entre nuages r\u00e9siduels et belles \u00e9claircies.<\/strong><\/p>\n<p>Ce matin, les temp\u00e9ratures sont de 4\u00b0 \u00e0 8\u00b0, avec une ambiance calme sur la r\u00e9gion. Cet apr\u00e8s-midi, comptez 8\u00b0 pour\u00a0<strong data-end=\"408\" data-start=\"397\">Avignon<\/strong>, 10\u00b0 sur\u00a0<strong data-end=\"427\" data-start=\"418\">Arles<\/strong>\u00a0et\u00a0<strong data-end=\"450\" data-start=\"431\">Aix-en-Provence<\/strong>. 11\u00b0 \u00e0\u00a0<strong data-end=\"471\" data-start=\"458\">Marseille<\/strong>,\u00a0<strong data-end=\"486\" data-start=\"473\">Marignane<\/strong>\u00a0et\u00a0<strong data-end=\"508\" data-start=\"490\">Carry-le-Rouet<\/strong>, ainsi qu\u2019au\u00a0<strong data-end=\"535\" data-start=\"522\">Castellet<\/strong>\u00a0et au\u00a0<strong data-end=\"554\" data-start=\"542\">Beausset<\/strong>. 12\u00b0 pour\u00a0<strong data-end=\"578\" data-start=\"565\">Saint-Cyr-sur-Mer<\/strong>,\u00a0<strong data-end=\"590\" data-start=\"580\">Bandol<\/strong>\u00a0et\u00a0<strong data-end=\"604\" data-start=\"594\">Sanary-sur-Mer<\/strong>, et 13\u00b0 vers\u00a0<strong data-end=\"628\" data-start=\"618\">Toulon<\/strong>,\u00a0<strong data-end=\"644\" data-start=\"630\">La Valette-du-Var<\/strong>,\u00a0<strong data-end=\"659\" data-start=\"646\">Le Pradet<\/strong>,\u00a0<strong data-end=\"671\" data-start=\"661\">Hy\u00e8res<\/strong>\u00a0et\u00a0<strong data-end=\"687\" data-start=\"675\">La Londe-les-Maures<\/strong>.<\/p>\n<p><strong>ComLaRadio\u00a0<\/strong><br \/><strong>Thierry\u00a0CARI<\/strong><br \/><strong>Voix Off<\/strong><br \/><strong>Animateur \/ pr\u00e9sentateur<\/strong><br \/><strong>Contact@thierrycari.com<\/strong><br \/><strong>www.thierrycari.com<\/strong><\/p>\n","protected":false},"excerpt":{"rendered":"Ce jeudi, en Provence-Alpes-C\u00f4te-d\u2019Azur, le ciel reste partag\u00e9 entre nuages r\u00e9siduels et belles \u00e9claircies. Ce matin, les temp\u00e9ratures&hellip;\n","protected":false},"author":2,"featured_media":34790,"comment_status":"","ping_status":"","sticky":false,"template":"","format":"standard","meta":{"footnotes":""},"categories":[9619],"tags":[1111,11,1777,674,1011,27,12,882,25,2310],"class_list":{"0":"post-576183","1":"post","2":"type-post","3":"status-publish","4":"format-standard","5":"has-post-thumbnail","7":"category-toulon","8":"tag-actu","9":"tag-actualites","10":"tag-eu","11":"tag-europe","12":"tag-fr","13":"tag-france","14":"tag-news","15":"tag-provence-alpes-cote-dazur","16":"tag-republique-francaise","17":"tag-toulon"},"share_on_mastodon":{"url":"https:\/\/pubeurope.com\/@fr\/115657754833102164","error":""},"_links":{"self":[{"href":"https:\/\/www.europesays.com\/fr\/wp-json\/wp\/v2\/posts\/576183","targetHints":{"allow":["GET"]}}],"collection":[{"href":"https:\/\/www.europesays.com\/fr\/wp-json\/wp\/v2\/posts"}],"about":[{"href":"https:\/\/www.europesays.com\/fr\/wp-json\/wp\/v2\/types\/post"}],"author":[{"embeddable":true,"href":"https:\/\/www.europesays.com\/fr\/wp-json\/wp\/v2\/users\/2"}],"replies":[{"embeddable":true,"href":"https:\/\/www.europesays.com\/fr\/wp-json\/wp\/v2\/comments?post=576183"}],"version-history":[{"count":0,"href":"https:\/\/www.europesays.com\/fr\/wp-json\/wp\/v2\/posts\/576183\/revisions"}],"wp:featuredmedia":[{"embeddable":true,"href":"https:\/\/www.europesays.com\/fr\/wp-json\/wp\/v2\/media\/34790"}],"wp:attachment":[{"href":"https:\/\/www.europesays.com\/fr\/wp-json\/wp\/v2\/media?parent=576183"}],"wp:term":[{"taxonomy":"category","embeddable":true,"href":"https:\/\/www.europesays.com\/fr\/wp-json\/wp\/v2\/categories?post=576183"},{"taxonomy":"post_tag","embeddable":true,"href":"https:\/\/www.europesays.com\/fr\/wp-json\/wp\/v2\/tags?post=576183"}],"curies":[{"name":"wp","href":"https:\/\/api.w.org\/{rel}","templated":true}]}}