{"id":576186,"date":"2025-12-03T21:28:14","date_gmt":"2025-12-03T21:28:14","guid":{"rendered":"https:\/\/www.europesays.com\/fr\/576186\/"},"modified":"2025-12-03T21:28:14","modified_gmt":"2025-12-03T21:28:14","slug":"un-si-grand-soleil-en-avance-emma-prete-a-quitter-montpellier-elisabeth-a-une-piste-le-resume-de-lepisode-1807-du-jeudi-4-decembre-2025","status":"publish","type":"post","link":"https:\/\/www.europesays.com\/fr\/576186\/","title":{"rendered":"Un si grand soleil en avance : Emma pr\u00eate \u00e0 quitter Montpellier, Elisabeth a une piste&#8230; Le r\u00e9sum\u00e9 de l&rsquo;\u00e9pisode 1807 du jeudi 4 d\u00e9cembre 2025"},"content":{"rendered":"<p><b>Jeudi 4\u00a0d\u00e9cembre 2025 dans <\/b><b>Un si grand soleil<\/b> &#8211; bient\u00f4t marqu\u00e9 par <a href=\"https:\/\/www.programme-tv.net\/news\/series-tv\/392179-un-si-grand-soleil-apres-deux-ans-dabsence-un-personnage-historique-bientot-de-retour-dans-la-serie-de-france-3\/\" data-api-deeplink=\"teleloisirs:\/\/news\/392179\" target=\"_blank\" rel=\"noopener\">le retour d&rsquo;un personnage embl\u00e9matique<\/a>&#8230; Apr\u00e8s leur nuit pass\u00e9e ensemble, c&rsquo;est l&rsquo;heure du r\u00e9veil pour Alix et Richard &#8211; <a href=\"https:\/\/www.programme-tv.net\/news\/series-tv\/392564-un-si-grand-soleil-je-lai-decouvert-en-parlant-autour-de-moi-patrick-puydebat-evoque-ce-qui-la-surpris-sur-la-serie-de-france-3\/\" data-api-deeplink=\"teleloisirs:\/\/news\/392564\" target=\"_blank\" rel=\"noopener\">incarn\u00e9 par un c\u00e9l\u00e8bre acteur des Myst\u00e8res de l&rsquo;amour<\/a>. Si l&rsquo;homme d&rsquo;affaires a tr\u00e8s envie de revoir sa conqu\u00eate, la galeriste, elle, se montre surtout press\u00e9e de partir. Et pour cause, <a href=\"https:\/\/www.programme-tv.net\/news\/series-tv\/393068-un-si-grand-soleil-alix-va-manipuler-richard-patrick-puydebat-devoile-l-avenir-de-son-personnage\/\" data-api-deeplink=\"teleloisirs:\/\/news\/393068\" target=\"_blank\" rel=\"noopener\">elle est surtout l\u00e0 pour sortir son fils de la panade !<\/a> Ce qui ne l&#8217;emp\u00eache pas de devoir donner une explication quant \u00e0 son absence durant la nuit. Si une fois de plus, l&rsquo;ancienne coll\u00e8gue d&rsquo;H\u00e9l\u00e8ne s&rsquo;en sort avec une pirouette, elle ne semble pas pour autant convaincre son amant, sceptique. De son c\u00f4t\u00e9, Sybille est en furie alors que sa marchandise a \u00e9t\u00e9 conserv\u00e9e par la douane. Pire, elle est convaincue que ce contr\u00f4le serait d\u00fb \u00e0 une erreur de Dimitri et Lucas. Peu importe, le jeune homme fait une fois de plus sa forte t\u00eate, expliquant n&rsquo;en avoir rien \u00e0 faire de ses soup\u00e7ons&#8230; Une lutte de pouvoir qui pourrait mener \u00e0 un drame. Pourtant, la femme finit par leur demander vertement de partir, avant de les intimer de faire comme s&rsquo;ils ne se connaissaient pas. Une maigre r\u00e9primande qui inqui\u00e8te Lucas&#8230; Pour le compagnon d&rsquo;Emma, il faut rester sur ses gardes. Sybille &#8211; dont <a href=\"https:\/\/www.programme-tv.net\/news\/series-tv\/392466-un-si-grand-soleil-la-fille-de-michel-duchaussoy-les-yeux-d-helene-zodiaque-joue-dans-la-serie-de-france-3\/\" data-api-deeplink=\"teleloisirs:\/\/news\/392466\" target=\"_blank\" rel=\"noopener\">le r\u00f4le est port\u00e9 par la fille d&rsquo;un c\u00e9l\u00e8bre com\u00e9dien<\/a> a perdu une fortune. Elle va forc\u00e9ment vouloir se venger&#8230;<\/p>\n<p>                        Un si grand soleil en avance\u00a0: Noura apprend la v\u00e9rit\u00e9, Charlotte au plus mal<\/p>\n<p>Au petit matin, tandis que Marie-Sophie (Oph\u00e9lie Koering &#8211; dont <a href=\"https:\/\/www.programme-tv.net\/news\/series-tv\/392162-un-si-grand-soleil-ma-mere-a-vraiment-ete-journaliste-ophelie-koering-marie-sophie-raconte-une-anecdote-touchante-sur-le-tournage-de-la-serie-de-france-3\/\" data-api-deeplink=\"teleloisirs:\/\/news\/392162\" target=\"_blank\" rel=\"noopener\">la m\u00e8re est journaliste, comme son personnage<\/a>) et Sohan pr\u00e9pare la liste de courses, le r\u00e9veil est plus difficile pour Charlotte, apr\u00e8s la soir\u00e9e de la veille. Malheureusement, \u00e7a ne s&rsquo;arrange pas au lyc\u00e9e. Alors que Pablo vient s&rsquo;excuser aupr\u00e8s de la lyc\u00e9enne pour son comportement de la veille, Noura entend leur conversation. De quoi \u00e9veiller ses soup\u00e7ons. D\u00e9couvrant alors sa meilleure amie en train de pleurer, elle finit par apprendre juste apr\u00e8s la v\u00e9rit\u00e9 de la part de son amoureux. C&rsquo;est alors que la col\u00e8re de la jeune femme est d\u00e9clench\u00e9e&#8230; L&rsquo;insultant, et ne comprenant pas le comportement de la fille de la journaliste, Noura la laisse alors en plan, et en larmes. Le soir, tandis que ses parents re\u00e7oivent \u00c8ve et Manu, l&rsquo;adolescente d\u00e9couvre m\u00eame que sa copine l&rsquo;a bloqu\u00e9e. La fin d&rsquo;une amiti\u00e9 ?<\/p>\n<p>            Un si grand soleil en avance\u00a0: Alix pr\u00eate \u00e0 tout pour sauver son fils !<\/p>\n<p>De son c\u00f4t\u00e9, Alix n&rsquo;est pas pr\u00eate \u00e0 l\u00e2cher l&rsquo;affaire, et montre le coffre de Richard en photo, histoire de trouver un moyen de l&rsquo;ouvrir. Mais, sentant l&rsquo;entourloupe, le malfrat accepte certes, mais non sans demander un retour sur investissement de 2000 euros. Laurent, lui, rend visite \u00e0 Nathalie. Il d\u00e9couvre alors que la femme est en larges difficult\u00e9s financi\u00e8res. Ce qui pourrait expliquer les actes de Lucas. De retour \u00e0 L Cosm\u00e9tiques, le comptable est questionn\u00e9 par Enric, sur un \u00e9ventuel souci avec le compagnon d&rsquo;Emma, mais l&rsquo;homme nie, f\u00e9brilement, avant de s&#8217;emporter.<\/p>\n<p>Un si grand soleil en avance\u00a0: Emma accepte de quitter Montpellier, Berthier pris en \u00e9tau&#8230;<\/p>\n<p>Le stress envahit \u00e9galement Lucas. Alors qu&rsquo;elle arrive chez eux, le jeune homme demande en effet \u00e0 Emma de quitter au plus vite Montpellier. Lui expliquant la situation avec Sybille, l&#8217;employ\u00e9e de Victor finit par accepter. Mais, les ennuis ne semblent pas s&rsquo;\u00e9loigner pour autant.<\/p>\n<p>En fin de journ\u00e9e, \u00c9lisabeth annonce \u00e0 Boris et Laurent qu&rsquo;elle a port\u00e9 plainte. Elle d\u00e9couvre alors que la source du probl\u00e8me est forc\u00e9ment un de ses employ\u00e9s. C&rsquo;est alors qu&rsquo;elle demande \u00e0 Berthier s\u2019il a entendu parler de quelque chose. M\u00eame si ce dernier nie, la situation \u00e0 de quoi mettre en position d\u00e9licate le comptable, mais pas que&#8230;<\/p>\n","protected":false},"excerpt":{"rendered":"Jeudi 4\u00a0d\u00e9cembre 2025 dans Un si grand soleil &#8211; bient\u00f4t marqu\u00e9 par le retour d&rsquo;un personnage embl\u00e9matique&#8230; Apr\u00e8s&hellip;\n","protected":false},"author":2,"featured_media":576187,"comment_status":"","ping_status":"","sticky":false,"template":"","format":"standard","meta":{"footnotes":""},"categories":[9599],"tags":[1111,11,244,1777,674,1011,27,876,22198,2208,12,2680,25,9766,26118,26117],"class_list":{"0":"post-576186","1":"post","2":"type-post","3":"status-publish","4":"format-standard","5":"has-post-thumbnail","7":"category-montpellier","8":"tag-actu","9":"tag-actualites","10":"tag-commentaire","11":"tag-eu","12":"tag-europe","13":"tag-fr","14":"tag-france","15":"tag-france-3","16":"tag-france-tv","17":"tag-montpellier","18":"tag-news","19":"tag-occitanie","20":"tag-republique-francaise","21":"tag-un-si-grand-soleil","22":"tag-un-si-grand-soleil-ru00e9sumu00e9","23":"tag-un-si-grand-soleil-ru00e9sumu00e9-en-avance"},"share_on_mastodon":{"url":"https:\/\/pubeurope.com\/@fr\/115657762781669510","error":""},"_links":{"self":[{"href":"https:\/\/www.europesays.com\/fr\/wp-json\/wp\/v2\/posts\/576186","targetHints":{"allow":["GET"]}}],"collection":[{"href":"https:\/\/www.europesays.com\/fr\/wp-json\/wp\/v2\/posts"}],"about":[{"href":"https:\/\/www.europesays.com\/fr\/wp-json\/wp\/v2\/types\/post"}],"author":[{"embeddable":true,"href":"https:\/\/www.europesays.com\/fr\/wp-json\/wp\/v2\/users\/2"}],"replies":[{"embeddable":true,"href":"https:\/\/www.europesays.com\/fr\/wp-json\/wp\/v2\/comments?post=576186"}],"version-history":[{"count":0,"href":"https:\/\/www.europesays.com\/fr\/wp-json\/wp\/v2\/posts\/576186\/revisions"}],"wp:featuredmedia":[{"embeddable":true,"href":"https:\/\/www.europesays.com\/fr\/wp-json\/wp\/v2\/media\/576187"}],"wp:attachment":[{"href":"https:\/\/www.europesays.com\/fr\/wp-json\/wp\/v2\/media?parent=576186"}],"wp:term":[{"taxonomy":"category","embeddable":true,"href":"https:\/\/www.europesays.com\/fr\/wp-json\/wp\/v2\/categories?post=576186"},{"taxonomy":"post_tag","embeddable":true,"href":"https:\/\/www.europesays.com\/fr\/wp-json\/wp\/v2\/tags?post=576186"}],"curies":[{"name":"wp","href":"https:\/\/api.w.org\/{rel}","templated":true}]}}