{"id":576192,"date":"2025-12-03T21:32:43","date_gmt":"2025-12-03T21:32:43","guid":{"rendered":"https:\/\/www.europesays.com\/fr\/576192\/"},"modified":"2025-12-03T21:32:43","modified_gmt":"2025-12-03T21:32:43","slug":"grenoble-plus-de-200-personnes-ont-marche-pour-celia-poignardee-lors-dun-conflit-de-voisinage","status":"publish","type":"post","link":"https:\/\/www.europesays.com\/fr\/576192\/","title":{"rendered":"Grenoble. Plus de\u00a0200 personnes ont march\u00e9 \u00ab\u00a0pour C\u00e9lia\u00a0\u00bb,\u00a0poignard\u00e9e\u00a0lors d\u2019un conflit de voisinage"},"content":{"rendered":"<p>C\u00e9lia avait 24 ans, deux tr\u00e8s jeunes enfants et la vie devant elle. C\u2019est en r\u00e9sum\u00e9 le message qu\u2019ont voulu faire passer ses proches, ce mercredi 3\u00a0d\u00e9cembre, lors d\u2019une marche blanche effectu\u00e9e entre la rue Danton (l\u2019adresse \u00e0 laquelle la jeune femme a \u00e9t\u00e9 poignard\u00e9e) et le palais de justice de Grenoble.<\/p>\n<p>Un rassemblement en m\u00e9moire \u00ab\u00a0d\u2019une maman formidable, pr\u00e9sente, douce, forte, engag\u00e9e\u00a0\u00bb, d\u2019apr\u00e8s sa meilleure amie Axelle, mais \u00e9galement un appel lanc\u00e9 aux magistrats qui doivent prochainement\u00a0se prononcer sur <a href=\"https:\/\/www.ledauphine.com\/faits-divers-justice\/2025\/10\/31\/jeune-femme-de-24-ans-tuee-d-un-coup-de-couteau-la-suspecte-en-situation-de-legitime-defense\" target=\"_blank\" rel=\"nofollow noopener\">la remise en libert\u00e9<\/a> sous bracelet \u00e9lectronique de la principale suspecte de ce meurtre, une \u00e9tudiante \u00e2g\u00e9e de 20 ans. La d\u00e9cision\u00a0de la chambre de l\u2019instruction est <a href=\"https:\/\/www.ledauphine.com\/faits-divers-justice\/2025\/10\/20\/isere-grenoble-jeune-femme-de-24-ans-tuee-d-un-coup-de-couteau-je-n-ai-jamais-eu-l-intention-de-tuer-qui-que-ce-soit\" target=\"_blank\" rel=\"nofollow noopener\">attendue ce jeudi 4\u00a0d\u00e9cembre<\/a>.<\/p>\n<p>\u00ab\u00a0Pour nous, c\u2019est incompr\u00e9hensible, inconcevable, a expliqu\u00e9 Tatiana, la belle-s\u0153ur de C\u00e9lia. Comment peut-on, aujourd\u2019hui en France, enlever la vie \u00e0 quelqu\u2019un et sortir de prison au bout d\u2019un mois et demi\u00a0?\u00a0\u00bb \u00ab\u00a0On n\u2019a pas eu le temps de s\u00e9cher nos larmes que d\u00e9j\u00e0 cette personne va \u00eatre remise en libert\u00e9\u00a0\u00bb, a-t-elle poursuivi, d\u00e9pit\u00e9e.<\/p>\n<p>  \u00ab\u00a0On ne peut pas supporter qu\u2019elle soit lib\u00e9r\u00e9e\u00a0\u00bb<\/p>\n<p>Devant une large assembl\u00e9e, la m\u00e8re de C\u00e9lia, Christine, a \u00e9galement pris la parole, en pleurs. \u00ab\u00a0Cette marche, c\u2019est pour rendre hommage \u00e0 ma fille et pour que la justice nous entende et soit rendue \u00e0 la hauteur des faits commis envers mon enfant\u00a0\u00bb, a-t-elle affirm\u00e9. \u00ab\u00a0Elle avait tellement d\u2019humour, elle \u00e9tait si joyeuse, aussi belle de l\u2019int\u00e9rieur que de l\u2019ext\u00e9rieur, a-t-elle ajout\u00e9. Elle \u00e9tait tr\u00e8s attentionn\u00e9e, si g\u00e9n\u00e9reuse. Ma vie ne sera plus jamais la m\u00eame et je suis bris\u00e9e pour toujours, comme toute notre famille.\u00a0\u00bb<\/p>\n<p>\u00ab\u00a0Je ne suis pas en col\u00e8re, mais dans l\u2019incompr\u00e9hension, a ensuite pr\u00e9cis\u00e9 Ka\u00efs, le fr\u00e8re de la jeune femme tu\u00e9e. On ne peut pas supporter qu\u2019elle [la suspecte du meurtre] soit lib\u00e9r\u00e9e.\u00a0\u00bb<\/p>\n<p>Apr\u00e8s une marche dans le calme et une minute de silence sur le parvis du tribunal, les proches de C\u00e9lia se sont dispers\u00e9s.<\/p>\n","protected":false},"excerpt":{"rendered":"C\u00e9lia avait 24 ans, deux tr\u00e8s jeunes enfants et la vie devant elle. C\u2019est en r\u00e9sum\u00e9 le message&hellip;\n","protected":false},"author":2,"featured_media":576193,"comment_status":"","ping_status":"","sticky":false,"template":"","format":"standard","meta":{"footnotes":""},"categories":[9566],"tags":[1111,11,2430,271,272,112,1777,674,274,107,1011,27,2731,2732,108,1985,12,25],"class_list":{"0":"post-576192","1":"post","2":"type-post","3":"status-publish","4":"format-standard","5":"has-post-thumbnail","7":"category-grenoble","8":"tag-actu","9":"tag-actualites","10":"tag-auvergne-rhone-alpes","11":"tag-crime","12":"tag-delit-et-contravention","13":"tag-edition-grenoble-agglomeration","14":"tag-eu","15":"tag-europe","16":"tag-faits-divers-justice","17":"tag-fil-info","18":"tag-fr","19":"tag-france","20":"tag-grenoble","21":"tag-grenoble-bassin","22":"tag-isere","23":"tag-metropole-de-grenoble","24":"tag-news","25":"tag-republique-francaise"},"share_on_mastodon":{"url":"https:\/\/pubeurope.com\/@fr\/115657778347017818","error":""},"_links":{"self":[{"href":"https:\/\/www.europesays.com\/fr\/wp-json\/wp\/v2\/posts\/576192","targetHints":{"allow":["GET"]}}],"collection":[{"href":"https:\/\/www.europesays.com\/fr\/wp-json\/wp\/v2\/posts"}],"about":[{"href":"https:\/\/www.europesays.com\/fr\/wp-json\/wp\/v2\/types\/post"}],"author":[{"embeddable":true,"href":"https:\/\/www.europesays.com\/fr\/wp-json\/wp\/v2\/users\/2"}],"replies":[{"embeddable":true,"href":"https:\/\/www.europesays.com\/fr\/wp-json\/wp\/v2\/comments?post=576192"}],"version-history":[{"count":0,"href":"https:\/\/www.europesays.com\/fr\/wp-json\/wp\/v2\/posts\/576192\/revisions"}],"wp:featuredmedia":[{"embeddable":true,"href":"https:\/\/www.europesays.com\/fr\/wp-json\/wp\/v2\/media\/576193"}],"wp:attachment":[{"href":"https:\/\/www.europesays.com\/fr\/wp-json\/wp\/v2\/media?parent=576192"}],"wp:term":[{"taxonomy":"category","embeddable":true,"href":"https:\/\/www.europesays.com\/fr\/wp-json\/wp\/v2\/categories?post=576192"},{"taxonomy":"post_tag","embeddable":true,"href":"https:\/\/www.europesays.com\/fr\/wp-json\/wp\/v2\/tags?post=576192"}],"curies":[{"name":"wp","href":"https:\/\/api.w.org\/{rel}","templated":true}]}}