{"id":576196,"date":"2025-12-03T21:35:31","date_gmt":"2025-12-03T21:35:31","guid":{"rendered":"https:\/\/www.europesays.com\/fr\/576196\/"},"modified":"2025-12-03T21:35:31","modified_gmt":"2025-12-03T21:35:31","slug":"avec-leurs-barres-energetiques-taladal-ces-bretonnes-veulent-convertir-les-sportifs-aux","status":"publish","type":"post","link":"https:\/\/www.europesays.com\/fr\/576196\/","title":{"rendered":"Avec leurs barres \u00e9nerg\u00e9tiques Taladal, ces Bretonnes veulent convertir les sportifs aux"},"content":{"rendered":"<p>Pr\u00e9f\u00e9reront-ils les lentilles aux p\u00e2tes de fruits\u00a0? C\u2019est le pari de l\u2019entreprise Taladal, fond\u00e9e en 2025 \u00e0 Rennes (Ille-et-Vilaine), pour d\u00e9velopper une gamme de barres \u00e9nerg\u00e9tiques \u00e0 destination des sportifs.\u00a0Il y a une barre sucr\u00e9e, la figure et lentille corail. Et deux sal\u00e9es\u00a0: celle associant lentilles vertes et graines de courges ou celle m\u00ealant sarrasin, noix et sel de Gu\u00e9rande. Le tout sans conservateurs, additifs ou sucres ajout\u00e9s.<br \/><strong>\u00ab<\/strong> <strong>\u00a0Nous avons men\u00e9 une longue \u00e9tude de march\u00e9 aupr\u00e8s des sportifs d\u2019endurance, les coureurs ou cyclistes,<\/strong>  expliquent Ninon Coustillac et Chlo\u00e9 Mollier. <strong>Beaucoup nous ont dit qu\u2019ils \u00e9taient lass\u00e9s des produits trop sucr\u00e9s ou trop marqu\u00e9s en go\u00fbt.\u00a0\u00bb<\/strong><\/p>\n<p><strong>Lire aussi\u00a0:<\/strong>\u00a0<a href=\"https:\/\/www.ouest-france.fr\/sport\/running\/que-manger-avant-une-competition-4763043#:~:text=P%C3%A2tes%20mais%20aussi%20riz%2C%20pomme,du%20moins%20en%20faible%20quantit%C3%A9.\" target=\"_self\" rel=\"noopener\">Running. Que manger avant une comp\u00e9tition\u00a0?<\/a><\/p>\n<p>Des lentilles cultiv\u00e9es en Bretagne<\/p>\n<p>Les deux nutritionnistes vantent la qualit\u00e9 de ces barres riches en prot\u00e9ines, acides amin\u00e9s et en sucre lent et\u00a0qu\u2019elles fabriquent elles-m\u00eames \u00e0 Rennes. Les raisins secs qui font l\u2019amalgame fournissent les sucres rapides n\u00e9cessaires. \u00a0C\u2019est \u00e9galement int\u00e9ressant d\u2019un point de vue environnemental. Elles peuvent \u00eatre cultiv\u00e9es sans engrais azot\u00e9s, elles s\u2019int\u00e8grent bien dans les rotations de c\u00e9r\u00e9ales.\u00a0 Toutes les l\u00e9gumineuses utilis\u00e9es sont cultiv\u00e9es en Bretagne et le reste des produits, comme les raisins, de France. Elles esp\u00e8rent obtenir la certification bio \u00e0 moyen terme.<br \/>Les barres Taladal sont vendues au tarif de 3\u00a0\u20ac l\u2019unit\u00e9, <a href=\"https:\/\/www.taladal.fr\/\" target=\"_self\" rel=\"noopener\">uniquement sur leur site internet<\/a> pour le moment, en attendant d\u2019\u00eatre bient\u00f4t disponibles, elles l\u2019esp\u00e8rent, dans les magasins de sport.<\/p>\n<p>\u00a0<\/p>\n<p>\u00a0<\/p>\n","protected":false},"excerpt":{"rendered":"Pr\u00e9f\u00e9reront-ils les lentilles aux p\u00e2tes de fruits\u00a0? C\u2019est le pari de l\u2019entreprise Taladal, fond\u00e9e en 2025 \u00e0 Rennes&hellip;\n","protected":false},"author":2,"featured_media":576197,"comment_status":"","ping_status":"","sticky":false,"template":"","format":"standard","meta":{"footnotes":""},"categories":[2821],"tags":[1111,11,3809,1465,829,1777,674,63,1011,27,1792,1922,12,584,25,479,517,1470],"class_list":{"0":"post-576196","1":"post","2":"type-post","3":"status-publish","4":"format-standard","5":"has-post-thumbnail","7":"category-rennes","8":"tag-actu","9":"tag-actualites","10":"tag-ball","11":"tag-basket","12":"tag-bretagne","13":"tag-eu","14":"tag-europe","15":"tag-football","16":"tag-fr","17":"tag-france","18":"tag-handball","19":"tag-info","20":"tag-news","21":"tag-rennes","22":"tag-republique-francaise","23":"tag-rugby","24":"tag-sport","25":"tag-volley"},"share_on_mastodon":{"url":"https:\/\/pubeurope.com\/@fr\/115657790133815615","error":""},"_links":{"self":[{"href":"https:\/\/www.europesays.com\/fr\/wp-json\/wp\/v2\/posts\/576196","targetHints":{"allow":["GET"]}}],"collection":[{"href":"https:\/\/www.europesays.com\/fr\/wp-json\/wp\/v2\/posts"}],"about":[{"href":"https:\/\/www.europesays.com\/fr\/wp-json\/wp\/v2\/types\/post"}],"author":[{"embeddable":true,"href":"https:\/\/www.europesays.com\/fr\/wp-json\/wp\/v2\/users\/2"}],"replies":[{"embeddable":true,"href":"https:\/\/www.europesays.com\/fr\/wp-json\/wp\/v2\/comments?post=576196"}],"version-history":[{"count":0,"href":"https:\/\/www.europesays.com\/fr\/wp-json\/wp\/v2\/posts\/576196\/revisions"}],"wp:featuredmedia":[{"embeddable":true,"href":"https:\/\/www.europesays.com\/fr\/wp-json\/wp\/v2\/media\/576197"}],"wp:attachment":[{"href":"https:\/\/www.europesays.com\/fr\/wp-json\/wp\/v2\/media?parent=576196"}],"wp:term":[{"taxonomy":"category","embeddable":true,"href":"https:\/\/www.europesays.com\/fr\/wp-json\/wp\/v2\/categories?post=576196"},{"taxonomy":"post_tag","embeddable":true,"href":"https:\/\/www.europesays.com\/fr\/wp-json\/wp\/v2\/tags?post=576196"}],"curies":[{"name":"wp","href":"https:\/\/api.w.org\/{rel}","templated":true}]}}