{"id":576202,"date":"2025-12-03T21:39:11","date_gmt":"2025-12-03T21:39:11","guid":{"rendered":"https:\/\/www.europesays.com\/fr\/576202\/"},"modified":"2025-12-03T21:39:11","modified_gmt":"2025-12-03T21:39:11","slug":"ligue-1-jai-fait-des-erreurs-les-excuses-demanuel-emegha-suspendu-par-strasbourg","status":"publish","type":"post","link":"https:\/\/www.europesays.com\/fr\/576202\/","title":{"rendered":"Ligue 1. \u00ab\u00a0J\u2019ai fait des erreurs\u00a0\u00bb\u00a0: les excuses d\u2019Emanuel Emegha suspendu par Strasbourg ."},"content":{"rendered":"<p>Peu de temps apr\u00e8s le communiqu\u00e9 de Strasbourg, <a href=\"https:\/\/maubeuge.maville.com\/sport\/detail_-ligue-1.-emanuel-emegha-suspendu-par-strasbourg-pour-un-match-_54135-7092005_actu.Htm\" target=\"_blank\" rel=\"noopener\">annon\u00e7ant la suspension pour le match face \u00e0 Toulouse samedi 6\u00a0d\u00e9cembre<\/a>, suite au \u00a0non-respect\u00a0des valeurs, des attentes et des r\u00e8gles du club\u00a0, Emanuel Emegha a r\u00e9agi dans un long message post\u00e9 mercredi 3\u00a0d\u00e9cembre sur ses r\u00e9seaux sociaux\u00a0: \u00a0J\u2019accepte et je comprends la d\u00e9cision du club\u00a0\u00bb.<\/p>\n<p>\u00ab\u00a0J\u2019ai un respect maximum pour Strasbourg\u00a0<\/p>\n<p>\u00ab\u00a0Je veux dire clairement que je n\u2019ai jamais voulu blesser personne. Parfois mes mots peuvent \u00eatre mal compris, surtout si on ne me conna\u00eet pas. Mais, une chose est s\u00fbre, j\u2019ai un respect maximum pour Strasbourg\u00a0\u00bb,  a-t-il ajout\u00e9.<\/p>\n<p> <strong>Lire aussi\u00a0:<\/strong> <a href=\"https:\/\/brest.maville.com\/sport\/detail_-stade-brestois.-ses-frustrations-passees-doivent-lui-servir-pourquoi-gregoire-coudert-tient-peut-etre-son-heure-_6-7092474_actu.Htm\" target=\"_blank\" rel=\"noopener\"> Stade Brestois. \u00ab\u00a0Ses frustrations pass\u00e9es doivent lui servir\u00a0\u00bb\u00a0: pourquoi Gr\u00e9goire Coudert tient peut-\u00eatre son heure<\/a> <\/p>\n<blockquote class=\"instagram-media\" data-instgrm-captioned=\"\" data-instgrm-permalink=\"https:\/\/www.instagram.com\/p\/DRzlvdbjKET\/?utm_source=ig_embed&amp;utm_campaign=loading\" data-instgrm-version=\"14\" style=\" background:#FFF; border:0; border-radius:3px; box-shadow:0 0 1px 0 rgba(0,0,0,0.5),0 1px 10px 0 rgba(0,0,0,0.15); margin: 1px; max-width:540px; min-width:326px; padding:0; width:99.375%; width:-webkit-calc(100% - 2px); width:calc(100% - 2px);\" wp_automatic_readability=\"-0.21\"\/>\n<p>Le joueur de 22\u00a0ans a \u00e9t\u00e9 sanctionn\u00e9 par l\u2019\u00e9quipe de Strasbourg pour ses r\u00e9centes sorties m\u00e9diatiques. Le capitaine avait notamment expliqu\u00e9 qu\u2019il pensait, avant de signer en 2023, que Strasbourg se situait en Allemagne. Une phrase qui avait choqu\u00e9 les supporters. Le joueur a marqu\u00e9 quatre buts en sept matches cette saison.<\/p>\n<p>En septembre, l\u2019annonce de son transfert en fin de saison pour Chelsea <a href=\"https:\/\/rennes.maville.com\/sport\/detail_-ligue-1.-liam-rosenior-juge-inadmissible-les-banderoles-des-ultras-strasbourgeois-visant-emegha-_54135-6975387_actu.Htm\" target=\"_blank\" rel=\"noopener\">avait provoqu\u00e9 la col\u00e8re des ultras<\/a>.<\/p>\n<p>\u00a0<\/p>\n<p>\t\t<script async src=\"\/\/www.instagram.com\/embed.js\"><\/script><\/p>\n","protected":false},"excerpt":{"rendered":"Peu de temps apr\u00e8s le communiqu\u00e9 de Strasbourg, annon\u00e7ant la suspension pour le match face \u00e0 Toulouse samedi&hellip;\n","protected":false},"author":2,"featured_media":576203,"comment_status":"","ping_status":"","sticky":false,"template":"","format":"standard","meta":{"footnotes":""},"categories":[2820],"tags":[1111,11,2063,1777,674,1011,27,775,1922,1393,2487,12,1404,25,2923,4251,853,640,3165],"class_list":{"0":"post-576202","1":"post","2":"type-post","3":"status-publish","4":"format-standard","5":"has-post-thumbnail","7":"category-strasbourg","8":"tag-actu","9":"tag-actualites","10":"tag-annonces","11":"tag-eu","12":"tag-europe","13":"tag-fr","14":"tag-france","15":"tag-grand-est","16":"tag-info","17":"tag-loisirs","18":"tag-meteo","19":"tag-news","20":"tag-quotidien","21":"tag-republique-francaise","22":"tag-restaurants","23":"tag-sortir","24":"tag-spectacles","25":"tag-strasbourg","26":"tag-vannes"},"share_on_mastodon":{"url":"https:\/\/pubeurope.com\/@fr\/115657805977372804","error":""},"_links":{"self":[{"href":"https:\/\/www.europesays.com\/fr\/wp-json\/wp\/v2\/posts\/576202","targetHints":{"allow":["GET"]}}],"collection":[{"href":"https:\/\/www.europesays.com\/fr\/wp-json\/wp\/v2\/posts"}],"about":[{"href":"https:\/\/www.europesays.com\/fr\/wp-json\/wp\/v2\/types\/post"}],"author":[{"embeddable":true,"href":"https:\/\/www.europesays.com\/fr\/wp-json\/wp\/v2\/users\/2"}],"replies":[{"embeddable":true,"href":"https:\/\/www.europesays.com\/fr\/wp-json\/wp\/v2\/comments?post=576202"}],"version-history":[{"count":0,"href":"https:\/\/www.europesays.com\/fr\/wp-json\/wp\/v2\/posts\/576202\/revisions"}],"wp:featuredmedia":[{"embeddable":true,"href":"https:\/\/www.europesays.com\/fr\/wp-json\/wp\/v2\/media\/576203"}],"wp:attachment":[{"href":"https:\/\/www.europesays.com\/fr\/wp-json\/wp\/v2\/media?parent=576202"}],"wp:term":[{"taxonomy":"category","embeddable":true,"href":"https:\/\/www.europesays.com\/fr\/wp-json\/wp\/v2\/categories?post=576202"},{"taxonomy":"post_tag","embeddable":true,"href":"https:\/\/www.europesays.com\/fr\/wp-json\/wp\/v2\/tags?post=576202"}],"curies":[{"name":"wp","href":"https:\/\/api.w.org\/{rel}","templated":true}]}}