{"id":576204,"date":"2025-12-03T21:40:19","date_gmt":"2025-12-03T21:40:19","guid":{"rendered":"https:\/\/www.europesays.com\/fr\/576204\/"},"modified":"2025-12-03T21:40:19","modified_gmt":"2025-12-03T21:40:19","slug":"trois-trophees-de-la-communication-pour-lagence-nocta","status":"publish","type":"post","link":"https:\/\/www.europesays.com\/fr\/576204\/","title":{"rendered":"Trois troph\u00e9es de la communication pour l\u2019agence NOCTA"},"content":{"rendered":"<p>                    <img loading=\"lazy\" decoding=\"async\" src=\"https:\/\/www.europesays.com\/fr\/wp-content\/uploads\/2025\/12\/e90549473d6184d30437098ac9ecf9.png\" class=\"img-responsive post-image\" width=\"680\" height=\"510\" alt=\"Trois troph\u00e9es de la (\u2026)\" title=\"Trois troph\u00e9es de la communication pour l'agence NOCTA\"\/><\/p>\n<p class=\"chapo\">L\u2019agence ni\u00e7oise NOCTA a fait parler d\u2019elle \u00e0 Nantes lors de l\u2019\u00e9dition 2025 des Troph\u00e9es de la Communication, d\u00e9crochant non pas un, mais trois prix nationaux. Une nouvelle performance pour cette structure implant\u00e9e sur la C\u00f4te d\u2019Azur, d\u00e9j\u00e0 r\u00e9compens\u00e9e l\u2019an dernier pour un projet d\u2019\u00e9dition r\u00e9alis\u00e9 pour AVOLTA\u2013DUFRY.<\/p>\n<p>                    Une couverture social media salu\u00e9e pour le Festival TV de Monte-Carlo<\/p>\n<p>Parmi les distinctions les plus remarqu\u00e9es\u00a0: le prix de la Meilleure action de communication sur les m\u00e9dias sociaux pour le Festival de T\u00e9l\u00e9vision de Monte-Carlo. Pour sa premi\u00e8re ann\u00e9e de collaboration avec l\u2019\u00e9v\u00e8nement mon\u00e9gasque, NOCTA a imagin\u00e9 une couverture immersive m\u00ealant directs, interviews, d\u00e9briefs de c\u00e9l\u00e9brit\u00e9s et images capt\u00e9es dans les coulisses. Une strat\u00e9gie \u00e9ditoriale qui, tout au long de l\u2019ann\u00e9e, valorise aussi les temps forts des pr\u00e9c\u00e9dentes \u00e9ditions. Le r\u00e9sultat de la campagne est \u00e9loquent\u00a0: plus de 15 millions de personnes uniques touch\u00e9es et pr\u00e8s de 15\u00a0% de taux d\u2019engagement.<\/p>\n<p>Le site du Groupe IPPOLITO dans la cour des grands<\/p>\n<p>Autre victoire\u00a0: la refonte du site Internet du Groupe IPPOLITO, r\u00e9compens\u00e9e dans la cat\u00e9gorie \u00ab\u00a0Meilleur site Internet des entreprises de plus de 100 salari\u00e9s\u00a0\u00bb.<br class=\"autobr\"\/><br \/>\nLe nouveau portail num\u00e9rique, pens\u00e9 pour refl\u00e9ter la diversit\u00e9 des activit\u00e9s du groupe (mobilit\u00e9s, industrie, immobilier, environnement, tourisme, RH), se hisse aux c\u00f4t\u00e9s de g\u00e9ants comme Michelin. Architecture claire, design \u00e9pur\u00e9 et navigation fluide composent la signature du projet, consid\u00e9r\u00e9 comme la premi\u00e8re \u00e9tape d\u2019un vaste chantier de transformation num\u00e9rique qui s\u2019\u00e9tendra sur trois ans.<\/p>\n<p>L\u2019agence prim\u00e9e\u2026 pour son propre site<\/p>\n<p>NOCTA s\u2019est enfin distingu\u00e9e pour la cr\u00e9ation de son propre site Internet.<br class=\"autobr\"\/><br \/>\n\u00c0 contre-courant du minimalisme tr\u00e8s r\u00e9pandu, l\u2019agence a mis\u00e9 sur une exp\u00e9rience immersive soutenue par de grandes images, illustrations, photographies et vid\u00e9os. Deux ann\u00e9es de prises de vue ont \u00e9t\u00e9 n\u00e9cessaires pour capter les \u00e9quipes en action, \u00e0 l\u2019agence comme sur le terrain. Un choix assum\u00e9\u00a0: offrir un parcours utilisateur extr\u00eamement simplifi\u00e9 tout en transmettant une identit\u00e9 forte, humaine et authentique.<\/p>\n<p>Depuis plus de 14 ans, NOCTA revendique une approche de proximit\u00e9 et de disponibilit\u00e9. Comme le r\u00e9sume son fondateur,<strong> Tanguy Hugues <\/strong>\u00a0: \u00ab\u00a0Nous croyons qu\u2019une \u00e9coute attentive, une expertise cibl\u00e9e, une disponibilit\u00e9 r\u00e9elle et une r\u00e9activit\u00e9 constante garantissent des r\u00e9sultats concrets et la satisfaction de nos clients.\u00a0\u00bb D\u00e9ploy\u00e9e \u00e0 l\u2019international et organis\u00e9e pour assurer une astreinte permanente,<a href=\"https:\/\/agence-nocta.fr\" class=\"spip_out\" rel=\"external noopener\" target=\"_blank\">l\u2019agence poursuit ainsi son d\u00e9veloppement\u2026 d\u00e9sormais renforc\u00e9 par trois nouvelles distinctions nationales<\/a>.<\/p>\n<p>Visuel de Une \u00a9Agence Nocta<\/p>\n","protected":false},"excerpt":{"rendered":"L\u2019agence ni\u00e7oise NOCTA a fait parler d\u2019elle \u00e0 Nantes lors de l\u2019\u00e9dition 2025 des Troph\u00e9es de la Communication,&hellip;\n","protected":false},"author":2,"featured_media":576205,"comment_status":"","ping_status":"","sticky":false,"template":"","format":"standard","meta":{"footnotes":""},"categories":[2819],"tags":[1111,11,2408,1777,674,1011,27,12,2401,882,25],"class_list":{"0":"post-576204","1":"post","2":"type-post","3":"status-publish","4":"format-standard","5":"has-post-thumbnail","7":"category-nice","8":"tag-actu","9":"tag-actualites","10":"tag-appels-d","11":"tag-eu","12":"tag-europe","13":"tag-fr","14":"tag-france","15":"tag-news","16":"tag-nice","17":"tag-provence-alpes-cote-dazur","18":"tag-republique-francaise"},"share_on_mastodon":{"url":"https:\/\/pubeurope.com\/@fr\/115657810755518340","error":""},"_links":{"self":[{"href":"https:\/\/www.europesays.com\/fr\/wp-json\/wp\/v2\/posts\/576204","targetHints":{"allow":["GET"]}}],"collection":[{"href":"https:\/\/www.europesays.com\/fr\/wp-json\/wp\/v2\/posts"}],"about":[{"href":"https:\/\/www.europesays.com\/fr\/wp-json\/wp\/v2\/types\/post"}],"author":[{"embeddable":true,"href":"https:\/\/www.europesays.com\/fr\/wp-json\/wp\/v2\/users\/2"}],"replies":[{"embeddable":true,"href":"https:\/\/www.europesays.com\/fr\/wp-json\/wp\/v2\/comments?post=576204"}],"version-history":[{"count":0,"href":"https:\/\/www.europesays.com\/fr\/wp-json\/wp\/v2\/posts\/576204\/revisions"}],"wp:featuredmedia":[{"embeddable":true,"href":"https:\/\/www.europesays.com\/fr\/wp-json\/wp\/v2\/media\/576205"}],"wp:attachment":[{"href":"https:\/\/www.europesays.com\/fr\/wp-json\/wp\/v2\/media?parent=576204"}],"wp:term":[{"taxonomy":"category","embeddable":true,"href":"https:\/\/www.europesays.com\/fr\/wp-json\/wp\/v2\/categories?post=576204"},{"taxonomy":"post_tag","embeddable":true,"href":"https:\/\/www.europesays.com\/fr\/wp-json\/wp\/v2\/tags?post=576204"}],"curies":[{"name":"wp","href":"https:\/\/api.w.org\/{rel}","templated":true}]}}