{"id":576210,"date":"2025-12-03T21:43:12","date_gmt":"2025-12-03T21:43:12","guid":{"rendered":"https:\/\/www.europesays.com\/fr\/576210\/"},"modified":"2025-12-03T21:43:12","modified_gmt":"2025-12-03T21:43:12","slug":"une-belle-pioche-defensive-pour-nantes","status":"publish","type":"post","link":"https:\/\/www.europesays.com\/fr\/576210\/","title":{"rendered":"Une belle pioche d\u00e9fensive pour Nantes"},"content":{"rendered":"<p><strong>Le FC Nantes est en passe de<br \/>\ns\u2019offrir un joli renfort d\u00e9fensif.<\/strong><\/p>\n<p>En mal de r\u00e9sultats cette saison, le FC Nantes se d\u00e9bat dans la<br \/>\nzone rouge, 16e de Ligue 1 apr\u00e8s 14 journ\u00e9es, avec 11<br \/>\npetits points au compteur.<\/p>\n<p>Pour rem\u00e9dier aux lacunes observ\u00e9es tant sur le plan d\u00e9fensif<br \/>\nque dans l\u2019impact offensif, les Canaris seraient en passe<br \/>\nd\u2019enregistrer un renfort de poids selon Ouest-France. Une vraie<br \/>\nplus-value potentielle en la personne de Deiver Machado.<\/p>\n<blockquote class=\"twitter-tweet\"><p><a class=\"twitter-link\" rel=\"noindex, nofollow noopener\" href=\"https:\/\/twitter.com\/dphelippeau\/status\/1996281573201572251\" target=\"_blank\"><\/p><\/blockquote>\n<p>Le quotidien r\u00e9gional assure que le lat\u00e9ral gauche colombien du<br \/>\nRC Lens, 32 ans, est sur le point de s\u2019engager en faveur de Nantes<br \/>\nen qualit\u00e9 de joker, et ce pour deux ans et demi. Le deal ne<br \/>\nprendra toutefois pas effet avant samedi et le match de la<br \/>\n15e lev\u00e9e de championnat entre le FCN et\u2026 le RCL.<\/p>\n<p><script async src=\"https:\/\/platform.twitter.com\/widgets.js\" charset=\"utf-8\"><\/script><\/p>\n","protected":false},"excerpt":{"rendered":"Le FC Nantes est en passe de s\u2019offrir un joli renfort d\u00e9fensif. En mal de r\u00e9sultats cette saison,&hellip;\n","protected":false},"author":2,"featured_media":180957,"comment_status":"","ping_status":"","sticky":false,"template":"","format":"standard","meta":{"footnotes":""},"categories":[2818],"tags":[1111,11,2113,1777,674,1011,27,766,12,2636,25],"class_list":{"0":"post-576210","1":"post","2":"type-post","3":"status-publish","4":"format-standard","5":"has-post-thumbnail","7":"category-nantes","8":"tag-actu","9":"tag-actualites","10":"tag-breve","11":"tag-eu","12":"tag-europe","13":"tag-fr","14":"tag-france","15":"tag-nantes","16":"tag-news","17":"tag-pays-de-la-loire","18":"tag-republique-francaise"},"share_on_mastodon":{"url":"https:\/\/pubeurope.com\/@fr\/115657821754424237","error":""},"_links":{"self":[{"href":"https:\/\/www.europesays.com\/fr\/wp-json\/wp\/v2\/posts\/576210","targetHints":{"allow":["GET"]}}],"collection":[{"href":"https:\/\/www.europesays.com\/fr\/wp-json\/wp\/v2\/posts"}],"about":[{"href":"https:\/\/www.europesays.com\/fr\/wp-json\/wp\/v2\/types\/post"}],"author":[{"embeddable":true,"href":"https:\/\/www.europesays.com\/fr\/wp-json\/wp\/v2\/users\/2"}],"replies":[{"embeddable":true,"href":"https:\/\/www.europesays.com\/fr\/wp-json\/wp\/v2\/comments?post=576210"}],"version-history":[{"count":0,"href":"https:\/\/www.europesays.com\/fr\/wp-json\/wp\/v2\/posts\/576210\/revisions"}],"wp:featuredmedia":[{"embeddable":true,"href":"https:\/\/www.europesays.com\/fr\/wp-json\/wp\/v2\/media\/180957"}],"wp:attachment":[{"href":"https:\/\/www.europesays.com\/fr\/wp-json\/wp\/v2\/media?parent=576210"}],"wp:term":[{"taxonomy":"category","embeddable":true,"href":"https:\/\/www.europesays.com\/fr\/wp-json\/wp\/v2\/categories?post=576210"},{"taxonomy":"post_tag","embeddable":true,"href":"https:\/\/www.europesays.com\/fr\/wp-json\/wp\/v2\/tags?post=576210"}],"curies":[{"name":"wp","href":"https:\/\/api.w.org\/{rel}","templated":true}]}}