{"id":576215,"date":"2025-12-03T21:46:15","date_gmt":"2025-12-03T21:46:15","guid":{"rendered":"https:\/\/www.europesays.com\/fr\/576215\/"},"modified":"2025-12-03T21:46:15","modified_gmt":"2025-12-03T21:46:15","slug":"municipales-2026-a-toulouse-des-ralliements-pour-francois-piquemal-lfi","status":"publish","type":"post","link":"https:\/\/www.europesays.com\/fr\/576215\/","title":{"rendered":"Municipales 2026 \u00e0 Toulouse\u00a0: des ralliements pour Fran\u00e7ois Piquemal (LFI)"},"content":{"rendered":"<p>\n                                                                    l&rsquo;essentiel<br \/>\n                                                                Des adh\u00e9rents des Ecologistes et d\u2019Archipel Citoyen annoncent rejoindre la liste de France Piquemal. Le mouvement Tous pour Toulouse aussi.\n                            <\/p>\n<p>Candidat de la France Insoumise et de l\u2019Assembl\u00e9e des quartiers aux municipales 2026 \u00e0 Toulouse, le d\u00e9put\u00e9 Fran\u00e7ois Piquemal, malgr\u00e9 son insistance, n\u2019a pas r\u00e9ussi \u00e0 attirer les Ecologistes. Pour autant, des voix dissidentes se sont fait entendre chez les Verts. Fran\u00e7ois Beno\u00eet-Marqui\u00e9 a cr\u00e9\u00e9 un Collectif pour l\u2019\u00e9cologie populaire. S\u2019il est le seul adh\u00e9rent d\u2019EELV \u00e0 opter pour Fran\u00e7ois Piquemal, il a \u00e9t\u00e9 rejoint par d\u2019anciens candidats aux d\u00e9partementales de 2021 et ex-EELV.<\/p>\n<p>Ce mercredi, R\u00e9gis Godec, chef de file des Ecologistes, a consid\u00e9r\u00e9 que c\u2019\u00e9tait \u00ab\u00a0un devoir d\u2019accepter l\u2019arbitrage\u00a0\u00bb du vote des militants et fustig\u00e9 \u00ab\u00a0un pseudo-collectif\u00a0\u00bb. Fran\u00e7ois Beno\u00eet-Marqui\u00e9 affirme, lui, avoir re\u00e7u plusieurs soutiens.<\/p>\n<p>Chez Archipel Citoyen, une dissidence s\u2019est aussi manifest\u00e9e. Quatre personnes \u2013 Jo\u00ebl L\u00e9cussan, Alice Cohen, Steven Basseler et Fabrice Clerfeuille \u2013 quittent Archipel pour rejoindre la liste de Fran\u00e7ois Piquemal. Caroline Honvault, pour Archipel, d\u00e9fend \u00ab\u00a0un choix clair\u00a0\u00bb de l\u2019assembl\u00e9e g\u00e9n\u00e9rale des militants, un choix valid\u00e9 \u00ab\u00a0par une d\u00e9marche d\u00e9mocratique de qualit\u00e9\u00a0\u00bb.<\/p>\n<p>Tous pour Toulouse<\/p>\n<p>Enfin, Tous pour Toulouse, le mouvement fond\u00e9 par Ahmed Dahrour, a annonc\u00e9 son alliance avec la liste LFI-Assembl\u00e9e des quartiers. Tous pour Toulouse consid\u00e8re que \u00ab\u00a0l\u2019\u00e9coute citoyenne et la proximit\u00e9\u00a0\u00bb, qui sont ses priorit\u00e9s, sont au c\u0153ur de la d\u00e9marche de la liste Piquemal.<\/p>\n<p>En 2020, Tous pour Toulouse s\u2019\u00e9tait alli\u00e9 avec Pierre Cohen. Et aux d\u00e9partementales 2021 avec Georges M\u00e9ric (Parti socialiste).<\/p>\n","protected":false},"excerpt":{"rendered":"l&rsquo;essentiel Des adh\u00e9rents des Ecologistes et d\u2019Archipel Citoyen annoncent rejoindre la liste de France Piquemal. Le mouvement Tous&hellip;\n","protected":false},"author":2,"featured_media":576216,"comment_status":"","ping_status":"","sticky":false,"template":"","format":"standard","meta":{"footnotes":""},"categories":[2816],"tags":[1111,11,1777,674,1011,27,329,2722,3434,12,2680,316,25,2312,37919],"class_list":{"0":"post-576215","1":"post","2":"type-post","3":"status-publish","4":"format-standard","5":"has-post-thumbnail","7":"category-toulouse","8":"tag-actu","9":"tag-actualites","10":"tag-eu","11":"tag-europe","12":"tag-fr","13":"tag-france","14":"tag-france-monde","15":"tag-haute-garonne","16":"tag-municipales-2026","17":"tag-news","18":"tag-occitanie","19":"tag-politique","20":"tag-republique-francaise","21":"tag-toulouse","22":"tag-u00c9lections"},"share_on_mastodon":{"url":"https:\/\/pubeurope.com\/@fr\/115657833509782821","error":""},"_links":{"self":[{"href":"https:\/\/www.europesays.com\/fr\/wp-json\/wp\/v2\/posts\/576215","targetHints":{"allow":["GET"]}}],"collection":[{"href":"https:\/\/www.europesays.com\/fr\/wp-json\/wp\/v2\/posts"}],"about":[{"href":"https:\/\/www.europesays.com\/fr\/wp-json\/wp\/v2\/types\/post"}],"author":[{"embeddable":true,"href":"https:\/\/www.europesays.com\/fr\/wp-json\/wp\/v2\/users\/2"}],"replies":[{"embeddable":true,"href":"https:\/\/www.europesays.com\/fr\/wp-json\/wp\/v2\/comments?post=576215"}],"version-history":[{"count":0,"href":"https:\/\/www.europesays.com\/fr\/wp-json\/wp\/v2\/posts\/576215\/revisions"}],"wp:featuredmedia":[{"embeddable":true,"href":"https:\/\/www.europesays.com\/fr\/wp-json\/wp\/v2\/media\/576216"}],"wp:attachment":[{"href":"https:\/\/www.europesays.com\/fr\/wp-json\/wp\/v2\/media?parent=576215"}],"wp:term":[{"taxonomy":"category","embeddable":true,"href":"https:\/\/www.europesays.com\/fr\/wp-json\/wp\/v2\/categories?post=576215"},{"taxonomy":"post_tag","embeddable":true,"href":"https:\/\/www.europesays.com\/fr\/wp-json\/wp\/v2\/tags?post=576215"}],"curies":[{"name":"wp","href":"https:\/\/api.w.org\/{rel}","templated":true}]}}