{"id":576219,"date":"2025-12-03T21:49:15","date_gmt":"2025-12-03T21:49:15","guid":{"rendered":"https:\/\/www.europesays.com\/fr\/576219\/"},"modified":"2025-12-03T21:49:15","modified_gmt":"2025-12-03T21:49:15","slug":"bouaddi-a-strasbourg-chelsea-a-un-plan","status":"publish","type":"post","link":"https:\/\/www.europesays.com\/fr\/576219\/","title":{"rendered":"Bouaddi \u00e0 Strasbourg, Chelsea a un plan"},"content":{"rendered":"<p><b>Fra\u00eechement arriv\u00e9 sur la short-list de Chelsea gr\u00e2ce \u00e0 des prestations remarqu\u00e9es, Ayyoub Bouaddi pourrait se retrouver \u00e0 Strasbourg apr\u00e8s des manigances bien ficel\u00e9es par l&rsquo;\u00e9curie londonienne et BlueCo.<\/b><\/p>\n<p>Si pour beaucoup d&rsquo;observateurs, le fait que <a href=\"https:\/\/www.foot01.com\/strasbourg\" target=\"_self\" rel=\"noopener\">Strasbourg<\/a> soit clairement phagocyt\u00e9 par Chelsea est un probl\u00e8me majeur pour l&rsquo;\u00e9quit\u00e9 sportive et pour l&rsquo;identit\u00e9 du club alsacien, pour les joueurs, c&rsquo;est diff\u00e9rent. Cette passerelle est surtout l&rsquo;opportunit\u00e9 r\u00eav\u00e9e pour avoir aussi bien un pied en Ligue 1 qu&rsquo;en Premier League. On ne compte d\u00e9sormais plus les joueurs pr\u00eat\u00e9s voire transf\u00e9r\u00e9s de Chelsea \u00e0 Strasbourg et inversement. Et si Ayyoub Bouaddi d\u00e9barquait lui aussi dans cet engrenage ? Ph\u00e9nom\u00e8ne de pr\u00e9cocit\u00e9, le joueur n\u00e9 en 2007 fait beaucoup parler de lui gr\u00e2ce \u00e0 ses prestations toujours plus int\u00e9ressantes avec le <a href=\"https:\/\/www.foot01.com\/lille\" title=\"LOSC\" target=\"_blank\" rel=\"noopener\">LOSC<\/a>. Au point de voir Chelsea s&rsquo;int\u00e9resser de tr\u00e8s pr\u00e8s \u00e0 lui, avec un plan \u00e9tonnant.Ayyoub Bouaddi dans le viseur de BlueCo<\/p>\n<p>Comme l&rsquo;indique Caught Offside, Chelsea est bel et bien entr\u00e9 dans la course pour recruter Ayyoub Bouaddi. Le milieu de terrain du LOSC, qui \u00e9tait d\u00e9j\u00e0 dans le viseur de Manchester United et du Paris Saint-Germain, a d\u00e9sormais une nouvelle option luxueuse qui s&rsquo;offre \u00e0 lui. Attention toutefois, le m\u00e9dia britannique affirme que BlueCo pourrait utiliser ses pouvoirs conf\u00e9r\u00e9s par la multipropri\u00e9t\u00e9\u2026 pour renvoyer Bouaddi en Ligue 1. \u00ab Chelsea pourrait \u00e9galement utiliser Strasbourg comme tremplin id\u00e9al pour un joueur comme Bouaddi, qui gagnerait \u00e0 acqu\u00e9rir plus d&rsquo;exp\u00e9rience en Ligue 1 avant de passer en Premier League \u00bb, lit-on.<\/p>\n<p>Une situation qui \u00e9tonne et qui pourrait faire pencher la balance en la d\u00e9faveur de Chelsea. Car s&rsquo;il estime avoir d\u00e9j\u00e0 la maturit\u00e9 n\u00e9cessaire pour r\u00e9ussir dans un grand club, Ayyoub Bouaddi verra d&rsquo;un bon oeil un d\u00e9part vers un club prestigieux qui ne le renverra pas \u00e0 Strasbourg juste pour progresser.<\/p>\n","protected":false},"excerpt":{"rendered":"Fra\u00eechement arriv\u00e9 sur la short-list de Chelsea gr\u00e2ce \u00e0 des prestations remarqu\u00e9es, Ayyoub Bouaddi pourrait se retrouver \u00e0&hellip;\n","protected":false},"author":2,"featured_media":576220,"comment_status":"","ping_status":"","sticky":false,"template":"","format":"standard","meta":{"footnotes":""},"categories":[2815],"tags":[1111,11,1777,674,1011,27,811,1307,2267,12,24894,25],"class_list":{"0":"post-576219","1":"post","2":"type-post","3":"status-publish","4":"format-standard","5":"has-post-thumbnail","7":"category-lille","8":"tag-actu","9":"tag-actualites","10":"tag-eu","11":"tag-europe","12":"tag-fr","13":"tag-france","14":"tag-hauts-de-france","15":"tag-lille","16":"tag-losc","17":"tag-news","18":"tag-rcsa","19":"tag-republique-francaise"},"share_on_mastodon":{"url":"https:\/\/pubeurope.com\/@fr\/115657845381963361","error":""},"_links":{"self":[{"href":"https:\/\/www.europesays.com\/fr\/wp-json\/wp\/v2\/posts\/576219","targetHints":{"allow":["GET"]}}],"collection":[{"href":"https:\/\/www.europesays.com\/fr\/wp-json\/wp\/v2\/posts"}],"about":[{"href":"https:\/\/www.europesays.com\/fr\/wp-json\/wp\/v2\/types\/post"}],"author":[{"embeddable":true,"href":"https:\/\/www.europesays.com\/fr\/wp-json\/wp\/v2\/users\/2"}],"replies":[{"embeddable":true,"href":"https:\/\/www.europesays.com\/fr\/wp-json\/wp\/v2\/comments?post=576219"}],"version-history":[{"count":0,"href":"https:\/\/www.europesays.com\/fr\/wp-json\/wp\/v2\/posts\/576219\/revisions"}],"wp:featuredmedia":[{"embeddable":true,"href":"https:\/\/www.europesays.com\/fr\/wp-json\/wp\/v2\/media\/576220"}],"wp:attachment":[{"href":"https:\/\/www.europesays.com\/fr\/wp-json\/wp\/v2\/media?parent=576219"}],"wp:term":[{"taxonomy":"category","embeddable":true,"href":"https:\/\/www.europesays.com\/fr\/wp-json\/wp\/v2\/categories?post=576219"},{"taxonomy":"post_tag","embeddable":true,"href":"https:\/\/www.europesays.com\/fr\/wp-json\/wp\/v2\/tags?post=576219"}],"curies":[{"name":"wp","href":"https:\/\/api.w.org\/{rel}","templated":true}]}}