{"id":576221,"date":"2025-12-03T21:50:16","date_gmt":"2025-12-03T21:50:16","guid":{"rendered":"https:\/\/www.europesays.com\/fr\/576221\/"},"modified":"2025-12-03T21:50:16","modified_gmt":"2025-12-03T21:50:16","slug":"une-manifestation-pour-les-droits-des-personnes-handicapees-a-marseille","status":"publish","type":"post","link":"https:\/\/www.europesays.com\/fr\/576221\/","title":{"rendered":"une manifestation pour les droits des personnes handicap\u00e9es \u00e0 Marseille"},"content":{"rendered":"<p>\u00ab\u00a0Solidarit\u00e9\u00a0! Avec les personnes, handi-ca-p\u00e9es\u00a0!\u00a0\u00bb Regroup\u00e9es sous l\u2019ombri\u00e8re du Vieux-Port, une cinquantaine de personnes se sont r\u00e9unies pour manifester, \u00e0 l\u2019occasion de la Journ\u00e9e internationale <a href=\"https:\/\/www.laprovence.com\/article\/societe\/12632768046212\/fonds-pour-linsertion-des-personnes-handicapees-dans-la-fonction-publique-20-ans-dengagement-celebres-a-marseille\" target=\"_blank\" rel=\"noopener\">des personnes handicap\u00e9es<\/a>, ce mercredi 3\u00a0d\u00e9cembre. Elles ont r\u00e9pondu \u00e0 l\u2019appel de R\u00e9sistance handi-droits.<\/p>\n<p>\u00ab\u00a0C\u2019est une premi\u00e8re \u00e0 Marseille\u00a0\u00bb, pose C\u00e9dric Garcia, membre de ce collectif cr\u00e9\u00e9 il y a quelques mois. \u00c0 45\u00a0ans, il est <a href=\"https:\/\/www.laprovence.com\/article\/societe\/1081168129568615\/enfants-en-situation-de-handicap-ces-meres-dune-cite-de-marseille-au-senat-pour-presenter-un-projet-de-loi\" target=\"_blank\" rel=\"noopener\">aidant pour son fils<\/a>, lourdement handicap\u00e9. \u00ab\u00a0Tout est diff\u00e9rent, surtout dans cette ville, d\u00e9plore-t-il. De nombreux trottoirs sont \u00e9troits et les voitures souvent mal gar\u00e9es. Difficile de circuler pour une personne handicap\u00e9e.\u00a0\u00bb M\u00eame constat pour l\u2019acc\u00e8s au transport\u00a0: \u00ab\u00a0Si tous les bus sont \u00e9quip\u00e9s d\u2019une rampe, seuls 30% des arr\u00eats sont accessibles en fauteuil.\u00a0\u00bb<\/p>\n<p>Sous l\u2019ombri\u00e8re, plusieurs po\u00e8mes sont suspendus\u00a0: Cicatrice, Handisport mon amour\u2026 Leur auteure, Annabelle Campillo, est venue de Grenoble pour manifester. M\u00e8re c\u00e9libataire, handicap\u00e9e apr\u00e8s un accident, elle est \u00ab\u00a0r\u00e9volt\u00e9e\u00a0\u00bb par la discrimination \u00e0 l\u2019embauche dont sont victimes les personnes \u00e0 mobilit\u00e9 r\u00e9duite (PMR). \u00ab\u00a0J\u2019ai perdu mon poste de comptable, retrace-t-elle, les larmes aux yeux. Apr\u00e8s mon accident, j\u2019ai \u00e9t\u00e9 d\u00e9clar\u00e9e inapte, ce qui \u00e9tait vrai. Mais un an et demi plus tard, je n\u2019ai toujours pas retrouv\u00e9 d\u2019emploi, alors que j\u2019ai des dipl\u00f4mes et des comp\u00e9tences.\u00a0\u00bb<\/p>\n<p><img alt=\"Annabelle Campillo, po\u00e9tesse et handicap\u00e9e, est venue de Grenoble pour se joindre au collectif R\u00e9sistance handi-droits.\" loading=\"lazy\" decoding=\"async\" data-nimg=\"fill\" class=\" TwicCore_img__i9TC1 undefined  undefined\" style=\"position:absolute;height:100%;width:100%;left:0;top:0;right:0;bottom:0;color:transparent;background-size:cover;background-position:50% 50%;background-repeat:no-repeat;background-image:url(&quot;data:image\/svg+xml;charset=utf-8,%3Csvg xmlns='http:\/\/www.w3.org\/2000\/svg' %3E%3Cfilter id='b' color-interpolation-filters='sRGB'%3E%3CfeGaussianBlur stdDeviation='20'\/%3E%3CfeColorMatrix values='1 0 0 0 0 0 1 0 0 0 0 0 1 0 0 0 0 0 100 -1' result='s'\/%3E%3CfeFlood x='0' y='0' width='100%25' height='100%25'\/%3E%3CfeComposite operator='out' in='s'\/%3E%3CfeComposite in2='SourceGraphic'\/%3E%3CfeGaussianBlur stdDeviation='20'\/%3E%3C\/filter%3E%3Cimage width='100%25' height='100%25' x='0' y='0' preserveAspectRatio='none' style='filter: url(%23b);' href='https:\/\/pictures.laprovence.com\/cdn-cgi\/image\/blur=250\/media\/melody\/2025\/12\/03\/annabelle-campillo-poetesse-et-handicapee-est-venue-de-grenoble-pour-se-joindre-au-collectif-resista-1764790606_a582924770396b982924770398d829v_.jpg'\/%3E%3C\/svg%3E&quot;)\"   src=\"https:\/\/www.europesays.com\/fr\/wp-content\/uploads\/2025\/12\/annabelle-campillo-poetesse-et-handicapee-est-venue-de-grenoble-pour-se-joindre-au-collectif-resista.jpeg\"\/>Annabelle Campillo, po\u00e9tesse et handicap\u00e9e, est venue de Grenoble pour se joindre au collectif R\u00e9sistance handi-droits. \/ Photo Thibault Dugois<\/p>\n<p>Transports, cin\u00e9mas, commerces mais aussi monuments\u00a0: de nombreux lieux de la ville ne sont pas accessibles en autonomie pour les PMR. \u00ab\u00a0D\u00e8s qu\u2019on est en fauteuil, \u00e7a se complique. On n\u2019est pas des assist\u00e9s, mais on est oblig\u00e9s d\u2019avoir recours \u00e0 l\u2019assistanat\u00a0\u00bb, analyse Mohamed.<\/p>\n","protected":false},"excerpt":{"rendered":"\u00ab\u00a0Solidarit\u00e9\u00a0! Avec les personnes, handi-ca-p\u00e9es\u00a0!\u00a0\u00bb Regroup\u00e9es sous l\u2019ombri\u00e8re du Vieux-Port, une cinquantaine de personnes se sont r\u00e9unies pour&hellip;\n","protected":false},"author":2,"featured_media":576222,"comment_status":"","ping_status":"","sticky":false,"template":"","format":"standard","meta":{"footnotes":""},"categories":[2814],"tags":[17,1111,11,69041,154,1777,674,1011,27,2088,884,5201,12,5241,5261,882,25,104,96],"class_list":{"0":"post-576221","1":"post","2":"type-post","3":"status-publish","4":"format-standard","5":"has-post-thumbnail","7":"category-marseille","8":"tag-17","9":"tag-actu","10":"tag-actualites","11":"tag-assistes","12":"tag-des","13":"tag-eu","14":"tag-europe","15":"tag-fr","16":"tag-france","17":"tag-manifestation","18":"tag-marseille","19":"tag-nest","20":"tag-news","21":"tag-on","22":"tag-pas","23":"tag-provence-alpes-cote-dazur","24":"tag-republique-francaise","25":"tag-societe","26":"tag-une"},"share_on_mastodon":{"url":"https:\/\/pubeurope.com\/@fr\/115657850063506374","error":""},"_links":{"self":[{"href":"https:\/\/www.europesays.com\/fr\/wp-json\/wp\/v2\/posts\/576221","targetHints":{"allow":["GET"]}}],"collection":[{"href":"https:\/\/www.europesays.com\/fr\/wp-json\/wp\/v2\/posts"}],"about":[{"href":"https:\/\/www.europesays.com\/fr\/wp-json\/wp\/v2\/types\/post"}],"author":[{"embeddable":true,"href":"https:\/\/www.europesays.com\/fr\/wp-json\/wp\/v2\/users\/2"}],"replies":[{"embeddable":true,"href":"https:\/\/www.europesays.com\/fr\/wp-json\/wp\/v2\/comments?post=576221"}],"version-history":[{"count":0,"href":"https:\/\/www.europesays.com\/fr\/wp-json\/wp\/v2\/posts\/576221\/revisions"}],"wp:featuredmedia":[{"embeddable":true,"href":"https:\/\/www.europesays.com\/fr\/wp-json\/wp\/v2\/media\/576222"}],"wp:attachment":[{"href":"https:\/\/www.europesays.com\/fr\/wp-json\/wp\/v2\/media?parent=576221"}],"wp:term":[{"taxonomy":"category","embeddable":true,"href":"https:\/\/www.europesays.com\/fr\/wp-json\/wp\/v2\/categories?post=576221"},{"taxonomy":"post_tag","embeddable":true,"href":"https:\/\/www.europesays.com\/fr\/wp-json\/wp\/v2\/tags?post=576221"}],"curies":[{"name":"wp","href":"https:\/\/api.w.org\/{rel}","templated":true}]}}