{"id":576223,"date":"2025-12-03T21:51:18","date_gmt":"2025-12-03T21:51:18","guid":{"rendered":"https:\/\/www.europesays.com\/fr\/576223\/"},"modified":"2025-12-03T21:51:18","modified_gmt":"2025-12-03T21:51:18","slug":"plaintes-apres-des-tags-sur-une-eglise-a-marseille","status":"publish","type":"post","link":"https:\/\/www.europesays.com\/fr\/576223\/","title":{"rendered":"Plaintes apr\u00e8s des tags sur une \u00e9glise \u00e0 Marseille"},"content":{"rendered":"\n<p>C\u2019est par un communiqu\u00e9 ce mercredi matin que le dioc\u00e8se de Marseille a exprim\u00e9 \u00ab\u00a0sa grande tristesse\u00a0\u00bb face aux tags r\u00e9alis\u00e9s dans la nuit de dimanche \u00e0 lundi sur les murs de l\u2019\u00e9glise des Chartreux (4e), \u00ab\u00a0avec des phrases insultantes et incitant \u00e0 la violence\u00a0\u00bb. \u00ab\u00a0S\u2019en prendre \u00e0 une \u00e9glise, c\u2019est toucher en plein c\u0153ur la communaut\u00e9 catholique\u00a0\u00bb, d\u00e9plore le dioc\u00e8se, indiquant que la paroisse a d\u00e9pos\u00e9 plainte.<\/p>\n<p>Le maire (DVG) de Marseille lui-m\u00eame annon\u00e7ait la veille que la municipalit\u00e9 comptait \u00e9galement d\u00e9poser plainte et que ces services allaient nettoyer les inscriptions indiquant que \u00ab\u00a0la seule \u00e9glise qui illumine est celle qui br\u00fble\u00a0\u00bb, et que \u00ab\u00a0si Dieu existe il faut le butter\u00a0\u00bb. \u00ab\u00a0Voil\u00e0 le r\u00e9sultat d\u2019ann\u00e9es de laisser-faire\u00a0\u00bb, d\u00e9non\u00e7ait la candidate de la droite et du centre \u00e9voquant un tag \u00ab\u00a0christianophobe\u00a0\u00bb, alors que le s\u00e9nateur d\u2019extr\u00eame droite St\u00e9phane Ravier s\u2019\u00e9tait film\u00e9 devant les lieux plus t\u00f4t dans la journ\u00e9e. L\u2019ex-maire (Hor.) des 4-5 Bruno Gilles assurait de son c\u00f4t\u00e9 que la Ville \u00e9tait alert\u00e9e \u00ab\u00a0depuis plusieurs jours\u00a0\u00bb.<\/p>\n","protected":false},"excerpt":{"rendered":"C\u2019est par un communiqu\u00e9 ce mercredi matin que le dioc\u00e8se de Marseille a exprim\u00e9 \u00ab\u00a0sa grande tristesse\u00a0\u00bb face&hellip;\n","protected":false},"author":2,"featured_media":576224,"comment_status":"","ping_status":"","sticky":false,"template":"","format":"standard","meta":{"footnotes":""},"categories":[2814],"tags":[1111,11,885,1777,674,1011,27,884,12,882,25],"class_list":{"0":"post-576223","1":"post","2":"type-post","3":"status-publish","4":"format-standard","5":"has-post-thumbnail","7":"category-marseille","8":"tag-actu","9":"tag-actualites","10":"tag-bouches-du-rhone","11":"tag-eu","12":"tag-europe","13":"tag-fr","14":"tag-france","15":"tag-marseille","16":"tag-news","17":"tag-provence-alpes-cote-dazur","18":"tag-republique-francaise"},"share_on_mastodon":{"url":"https:\/\/pubeurope.com\/@fr\/115657853159166900","error":""},"_links":{"self":[{"href":"https:\/\/www.europesays.com\/fr\/wp-json\/wp\/v2\/posts\/576223","targetHints":{"allow":["GET"]}}],"collection":[{"href":"https:\/\/www.europesays.com\/fr\/wp-json\/wp\/v2\/posts"}],"about":[{"href":"https:\/\/www.europesays.com\/fr\/wp-json\/wp\/v2\/types\/post"}],"author":[{"embeddable":true,"href":"https:\/\/www.europesays.com\/fr\/wp-json\/wp\/v2\/users\/2"}],"replies":[{"embeddable":true,"href":"https:\/\/www.europesays.com\/fr\/wp-json\/wp\/v2\/comments?post=576223"}],"version-history":[{"count":0,"href":"https:\/\/www.europesays.com\/fr\/wp-json\/wp\/v2\/posts\/576223\/revisions"}],"wp:featuredmedia":[{"embeddable":true,"href":"https:\/\/www.europesays.com\/fr\/wp-json\/wp\/v2\/media\/576224"}],"wp:attachment":[{"href":"https:\/\/www.europesays.com\/fr\/wp-json\/wp\/v2\/media?parent=576223"}],"wp:term":[{"taxonomy":"category","embeddable":true,"href":"https:\/\/www.europesays.com\/fr\/wp-json\/wp\/v2\/categories?post=576223"},{"taxonomy":"post_tag","embeddable":true,"href":"https:\/\/www.europesays.com\/fr\/wp-json\/wp\/v2\/tags?post=576223"}],"curies":[{"name":"wp","href":"https:\/\/api.w.org\/{rel}","templated":true}]}}