{"id":576233,"date":"2025-12-03T21:57:19","date_gmt":"2025-12-03T21:57:19","guid":{"rendered":"https:\/\/www.europesays.com\/fr\/576233\/"},"modified":"2025-12-03T21:57:19","modified_gmt":"2025-12-03T21:57:19","slug":"info-bfmtv-plus-de-400-000-euros-de-prejudice-79-arbres-degrades-dans-le-16e-arrondissement-a-paris","status":"publish","type":"post","link":"https:\/\/www.europesays.com\/fr\/576233\/","title":{"rendered":"INFO BFMTV. Plus de 400.000 euros de pr\u00e9judice: 79 arbres d\u00e9grad\u00e9s dans le 16e arrondissement \u00e0 Paris"},"content":{"rendered":"<p class=\"mb-4 text-lg md:leading-8 break-words\">Un incident peu banal. Un agent municipal de la <a href=\"https:\/\/www.bfmtv.com\/paris\/paris\/la-ville-de-paris-devoile-un-plan-de-lutte-contre-les-agressions-sexuelles-dans-les-ecole-apres-un-me-too-des-enfants_AN-202511140594.html\" rel=\"nofollow noopener\" target=\"_blank\" data-ylk=\"slk:ville de Paris;elm:context_link;itc:0;sec:content-canvas\" class=\"link \">ville de Paris<\/a> a fait une d\u00e9couverte pour le moins insolite le 22 novembre dernier. Sur un secteur de quelques centaines de m\u00e8tres seulement, pr\u00e8s de 80 arbres &#8211; 79 pr\u00e9cis\u00e9ment &#8211; plant\u00e9s principalement entre la place des \u00c9tats-Unis et l&rsquo;avenue d&rsquo;I\u00e9na, ont tous \u00e9t\u00e9 d\u00e9grad\u00e9s.<\/p>\n<p class=\"mb-4 text-lg md:leading-8 break-words\">\u00ab\u00a0Les troncs ont \u00e9t\u00e9 mutil\u00e9s\u00a0\u00bb, pr\u00e9cise \u00e0 BFMTV une source proche de l&rsquo;enqu\u00eate.<\/p>\n<p>Un pr\u00e9judice estim\u00e9 \u00e0 410.000 euros<\/p>\n<p class=\"mb-4 text-lg md:leading-8 break-words\">Sollicit\u00e9e, la mairie du 16e arrondissement confirme ce mercredi 3 d\u00e9cembre cette information et \u00ab\u00a0d\u00e9plore cet acte de vandalisme et esp\u00e8re que les auteurs seront identifi\u00e9s\u00a0\u00bb.<\/p>\n<p class=\"mb-4 text-lg md:leading-8 break-words\">\u00ab\u00a0Ce n&rsquo;est sans doute pas l&rsquo;oeuvre d&rsquo;un enfant\u00a0\u00bb, nous pr\u00e9cise une source proche de l&rsquo;enqu\u00eate.<\/p>\n<p class=\"mb-4 text-lg md:leading-8 break-words\">La mairie de Paris, qui \u00ab\u00a0d\u00e9nonce la mutilation\u00a0\u00bb de ces arbres a annonc\u00e9 \u00e0 BFMTV avoir d\u00e9pos\u00e9 plainte.<\/p>\n<p class=\"mb-4 text-lg md:leading-8 break-words\">\u00ab\u00a0La ville de Paris met en place toutes les actions de protection et de suivi n\u00e9cessaires pour favoriser leur cicatrisation. Elle esp\u00e8re que l\u2019enqu\u00eate permettra rapidement d\u2019identifier le ou les auteurs\u00a0\u00bb, ajoute la mairie.<\/p>\n<p class=\"mb-4 text-lg md:leading-8 break-words\">Selon nos informations, le pr\u00e9judice financier est estim\u00e9 \u00e0 pr\u00e8s de 410.000 euros. \u00ab\u00a0Le bar\u00e8me pr\u00e9voit une indemnisation en cas de blessure au tronc, d&rsquo;\u00e9corce arrach\u00e9e ou d\u00e9coll\u00e9e: en fonction de la proportion des l\u00e9sions par rapport \u00e0 la circonf\u00e9rence du tronc, on applique entre 20 et 100% de la valeur de l&rsquo;arbre. La ils ont taillaid\u00e9 les \u00e9corces\u00a0\u00bb, explique une source proche de l&rsquo;enqu\u00eate \u00e0 BFMTV pour expliquer le chiffrage du pr\u00e9judice.<\/p>\n<p class=\"mb-4 text-lg md:leading-8 break-words\">Pour l&rsquo;heure, le parquet de Paris n&rsquo;a pas encore r\u00e9pondu \u00e0 nos sollicitations.<\/p>\n<p class=\"mb-4 text-lg md:leading-8 break-words\"><a href=\"https:\/\/www.bfmtv.com\/police-justice\/info-bfmtv-plus-de-400-000-euros-de-prejudice-79-arbres-degrades-dans-le-16e-arrondissement-a-paris_AN-202512030957.html#xtor=AL-68\" rel=\"nofollow noopener\" target=\"_blank\" data-ylk=\"slk:Article original publi\u00e9 sur BFMTV.com;elm:context_link;itc:0;sec:content-canvas\" class=\"link \">Article original publi\u00e9 sur BFMTV.com<\/a><\/p>\n","protected":false},"excerpt":{"rendered":"Un incident peu banal. Un agent municipal de la ville de Paris a fait une d\u00e9couverte pour le&hellip;\n","protected":false},"author":2,"featured_media":576234,"comment_status":"","ping_status":"","sticky":false,"template":"","format":"standard","meta":{"footnotes":""},"categories":[1888],"tags":[24791,1111,1928,11,1927,10831,1777,674,1011,27,2381,10691,12,1926,626,1925,69042,25],"class_list":{"0":"post-576233","1":"post","2":"type-post","3":"status-publish","4":"format-standard","5":"has-post-thumbnail","7":"category-paris","8":"tag-acte-de-vandalisme","9":"tag-actu","10":"tag-actu-paris","11":"tag-actualites","12":"tag-actualites-paris","13":"tag-bfmtv","14":"tag-eu","15":"tag-europe","16":"tag-fr","17":"tag-france","18":"tag-mairie-de-paris","19":"tag-mairie-du-16e-arrondissement","20":"tag-news","21":"tag-news-paris","22":"tag-paris","23":"tag-paris-news","24":"tag-place-des-etats-unis","25":"tag-republique-francaise"},"share_on_mastodon":{"url":"https:\/\/pubeurope.com\/@fr\/115657876711066502","error":""},"_links":{"self":[{"href":"https:\/\/www.europesays.com\/fr\/wp-json\/wp\/v2\/posts\/576233","targetHints":{"allow":["GET"]}}],"collection":[{"href":"https:\/\/www.europesays.com\/fr\/wp-json\/wp\/v2\/posts"}],"about":[{"href":"https:\/\/www.europesays.com\/fr\/wp-json\/wp\/v2\/types\/post"}],"author":[{"embeddable":true,"href":"https:\/\/www.europesays.com\/fr\/wp-json\/wp\/v2\/users\/2"}],"replies":[{"embeddable":true,"href":"https:\/\/www.europesays.com\/fr\/wp-json\/wp\/v2\/comments?post=576233"}],"version-history":[{"count":0,"href":"https:\/\/www.europesays.com\/fr\/wp-json\/wp\/v2\/posts\/576233\/revisions"}],"wp:featuredmedia":[{"embeddable":true,"href":"https:\/\/www.europesays.com\/fr\/wp-json\/wp\/v2\/media\/576234"}],"wp:attachment":[{"href":"https:\/\/www.europesays.com\/fr\/wp-json\/wp\/v2\/media?parent=576233"}],"wp:term":[{"taxonomy":"category","embeddable":true,"href":"https:\/\/www.europesays.com\/fr\/wp-json\/wp\/v2\/categories?post=576233"},{"taxonomy":"post_tag","embeddable":true,"href":"https:\/\/www.europesays.com\/fr\/wp-json\/wp\/v2\/tags?post=576233"}],"curies":[{"name":"wp","href":"https:\/\/api.w.org\/{rel}","templated":true}]}}