{"id":576241,"date":"2025-12-03T22:01:29","date_gmt":"2025-12-03T22:01:29","guid":{"rendered":"https:\/\/www.europesays.com\/fr\/576241\/"},"modified":"2025-12-03T22:01:29","modified_gmt":"2025-12-03T22:01:29","slug":"lancement-de-la-saison-de-lukraine-en-france","status":"publish","type":"post","link":"https:\/\/www.europesays.com\/fr\/576241\/","title":{"rendered":"Lancement de la Saison de l&rsquo;Ukraine en France"},"content":{"rendered":"<p>Tandis que\u00a0la Saison France-Br\u00e9sil touche \u00e0 sa fin, une autre Saison, des plus sensibles, a d\u00e9but\u00e9. Lundi,\u00a0le \u00ab Voyage en Ukraine \u00bb a \u00e9t\u00e9 inaugur\u00e9 au Quai d&rsquo;Orsay et au th\u00e9\u00e2tre de la Ville. D&rsquo;ordinaire bilat\u00e9rale, la Saison, la premi\u00e8re organis\u00e9e avec un pays en guerre,\u00a0se tient\u00a0de ce fait unilat\u00e9ralement dans l&rsquo;Hexagone avec des manifestations organis\u00e9es par des duos d&rsquo;institutions ukrainiens et fran\u00e7ais. Du\u00a01er d\u00e9cembre au 31 mars, le festival, pilot\u00e9 conjointement par les Instituts fran\u00e7ais et ukrainien (qui a ouvert son bureau en France en 2023), avec\u2026<\/p>\n","protected":false},"excerpt":{"rendered":"Tandis que\u00a0la Saison France-Br\u00e9sil touche \u00e0 sa fin, une autre Saison, des plus sensibles, a d\u00e9but\u00e9. Lundi,\u00a0le \u00ab&hellip;\n","protected":false},"author":2,"featured_media":576242,"comment_status":"","ping_status":"","sticky":false,"template":"","format":"standard","meta":{"footnotes":""},"categories":[1590],"tags":[11,1777,674,12,20896,220],"class_list":{"0":"post-576241","1":"post","2":"type-post","3":"status-publish","4":"format-standard","5":"has-post-thumbnail","7":"category-ukraine","8":"tag-actualites","9":"tag-eu","10":"tag-europe","11":"tag-news","12":"tag-saisons-culturelles","13":"tag-ukraine"},"share_on_mastodon":{"url":"https:\/\/pubeurope.com\/@fr\/115657892581278175","error":""},"_links":{"self":[{"href":"https:\/\/www.europesays.com\/fr\/wp-json\/wp\/v2\/posts\/576241","targetHints":{"allow":["GET"]}}],"collection":[{"href":"https:\/\/www.europesays.com\/fr\/wp-json\/wp\/v2\/posts"}],"about":[{"href":"https:\/\/www.europesays.com\/fr\/wp-json\/wp\/v2\/types\/post"}],"author":[{"embeddable":true,"href":"https:\/\/www.europesays.com\/fr\/wp-json\/wp\/v2\/users\/2"}],"replies":[{"embeddable":true,"href":"https:\/\/www.europesays.com\/fr\/wp-json\/wp\/v2\/comments?post=576241"}],"version-history":[{"count":0,"href":"https:\/\/www.europesays.com\/fr\/wp-json\/wp\/v2\/posts\/576241\/revisions"}],"wp:featuredmedia":[{"embeddable":true,"href":"https:\/\/www.europesays.com\/fr\/wp-json\/wp\/v2\/media\/576242"}],"wp:attachment":[{"href":"https:\/\/www.europesays.com\/fr\/wp-json\/wp\/v2\/media?parent=576241"}],"wp:term":[{"taxonomy":"category","embeddable":true,"href":"https:\/\/www.europesays.com\/fr\/wp-json\/wp\/v2\/categories?post=576241"},{"taxonomy":"post_tag","embeddable":true,"href":"https:\/\/www.europesays.com\/fr\/wp-json\/wp\/v2\/tags?post=576241"}],"curies":[{"name":"wp","href":"https:\/\/api.w.org\/{rel}","templated":true}]}}