{"id":576247,"date":"2025-12-03T22:04:12","date_gmt":"2025-12-03T22:04:12","guid":{"rendered":"https:\/\/www.europesays.com\/fr\/576247\/"},"modified":"2025-12-03T22:04:12","modified_gmt":"2025-12-03T22:04:12","slug":"difficilement-le-bayern-munich-rallie-les-quarts","status":"publish","type":"post","link":"https:\/\/www.europesays.com\/fr\/576247\/","title":{"rendered":"difficilement, le Bayern Munich rallie les quarts"},"content":{"rendered":"<p>\n    Le Bayern Munich s\u2019est difficilement impos\u00e9 ce mercredi face \u00e0 l\u2019Union Berlin pour rallier les quarts de finale de la Coupe d\u2019Allemagne.<\/p>\n<p class=\"fig-paragraph\">\u00c7a passe quand m\u00eame.\u00a0<a href=\"http:\/\/www.lefigaro.fr\/sports\/football\/transferts\/mercato-je-pense-qu-il-va-prolonger-le-bayern-confiant-pour-upamecano-20251201\" target=\"_blank\" data-fig-type=\"NewsFlash\" rel=\"noopener\" data-gtm-custom-categorie=\"navigation\" data-gtm-custom-action=\"crossclick\" data-gtm-custom-label=\"Contextuel\" data-gtm-event=\"customEventSPE\" data-fig-domain=\"LEFIGARO\">Le Bayern Munich<\/a>\u00a0s&rsquo;est qualifi\u00e9 pour les quarts de finale de la Coupe d&rsquo;Allemagne en s&rsquo;imposant mercredi soir sur la pelouse de l&rsquo;Union Berlin 3 \u00e0 2, profitant notamment de deux buts berlinois contre leur camp.<\/p>\n<p class=\"fig-paragraph\">Les hommes de Vincent Kompany poursuivent ainsi leur route en Coupe d&rsquo;Allemagne, alors que le Bayern est priv\u00e9 de dernier carr\u00e9 de la comp\u00e9tition depuis son 20e et dernier sacre (le record) en 2020, aux d\u00e9pens du Bayer Leverkusen. Mercredi, les Munichois ont pris les commandes apr\u00e8s 12 minutes de jeu. Sur un corner frapp\u00e9 par Joshua Kimmich, Aleksandar Pavlovic a perturb\u00e9 la sortie de Frederik R\u00f6nnow. Surpris au second poteau, Ilyas Ansah a ouvert le score contre son camp.<\/p>\n<p>                                            <a class=\"fig-a11y-skip\" href=\"#fig-a11y-skip-main-inarticle\" data-module=\"a11y-skip\" data-context=\"was @visible\"><br \/>\n    Passer la publicit\u00e9<br \/>\n<\/a>            <\/p>\n<p class=\"fig-paragraph\">Douze minutes plus tard, sur un nouveau corner tir\u00e9 par Kimmich, Pavlovic a une nouvelle fois g\u00ean\u00e9 R\u00f6nnow dans sa sortie et Harry Kane a trouv\u00e9 les filets pour la 25e fois cette saison avec le Bayern, la 5e fois en Coupe. Et quelques minutes apr\u00e8s la r\u00e9duction du score berlinoise par Leopold Querfeld (2-1, 40e), transformant un penalty conc\u00e9d\u00e9 par Jonathan Tah (main dans la surface), c&rsquo;est un autre d\u00e9fenseur de l&rsquo;Union, Diogo Leite, qui a tromp\u00e9 son propre gardien juste avant la pause (3-1, 45e+4).<\/p>\n<p class=\"fig-paragraph\">Sur un nouveau penalty accord\u00e9 aux Berlinois, Querfeld a redonn\u00e9 espoir aux supporters de l&rsquo;Alte F\u00f6rsterei en d\u00e9but de seconde p\u00e9riode (56e). Mais les Munichois ont r\u00e9sist\u00e9 au retour de l&rsquo;Union.<\/p>\n","protected":false},"excerpt":{"rendered":"Le Bayern Munich s\u2019est difficilement impos\u00e9 ce mercredi face \u00e0 l\u2019Union Berlin pour rallier les quarts de finale&hellip;\n","protected":false},"author":2,"featured_media":576248,"comment_status":"","ping_status":"","sticky":false,"template":"","format":"standard","meta":{"footnotes":""},"categories":[1587],"tags":[11,672,4782,1804,1805,1803,1777,674,1801,12,1802],"class_list":{"0":"post-576247","1":"post","2":"type-post","3":"status-publish","4":"format-standard","5":"has-post-thumbnail","7":"category-allemagne","8":"tag-actualites","9":"tag-allemagne","10":"tag-bayern-munich","11":"tag-bundesrepublik-deutschland","12":"tag-de","13":"tag-deutschland","14":"tag-eu","15":"tag-europe","16":"tag-germany","17":"tag-news","18":"tag-republique-federale-dallemagne"},"share_on_mastodon":{"url":"https:\/\/pubeurope.com\/@fr\/115657904350621232","error":""},"_links":{"self":[{"href":"https:\/\/www.europesays.com\/fr\/wp-json\/wp\/v2\/posts\/576247","targetHints":{"allow":["GET"]}}],"collection":[{"href":"https:\/\/www.europesays.com\/fr\/wp-json\/wp\/v2\/posts"}],"about":[{"href":"https:\/\/www.europesays.com\/fr\/wp-json\/wp\/v2\/types\/post"}],"author":[{"embeddable":true,"href":"https:\/\/www.europesays.com\/fr\/wp-json\/wp\/v2\/users\/2"}],"replies":[{"embeddable":true,"href":"https:\/\/www.europesays.com\/fr\/wp-json\/wp\/v2\/comments?post=576247"}],"version-history":[{"count":0,"href":"https:\/\/www.europesays.com\/fr\/wp-json\/wp\/v2\/posts\/576247\/revisions"}],"wp:featuredmedia":[{"embeddable":true,"href":"https:\/\/www.europesays.com\/fr\/wp-json\/wp\/v2\/media\/576248"}],"wp:attachment":[{"href":"https:\/\/www.europesays.com\/fr\/wp-json\/wp\/v2\/media?parent=576247"}],"wp:term":[{"taxonomy":"category","embeddable":true,"href":"https:\/\/www.europesays.com\/fr\/wp-json\/wp\/v2\/categories?post=576247"},{"taxonomy":"post_tag","embeddable":true,"href":"https:\/\/www.europesays.com\/fr\/wp-json\/wp\/v2\/tags?post=576247"}],"curies":[{"name":"wp","href":"https:\/\/api.w.org\/{rel}","templated":true}]}}