{"id":576259,"date":"2025-12-03T22:12:32","date_gmt":"2025-12-03T22:12:32","guid":{"rendered":"https:\/\/www.europesays.com\/fr\/576259\/"},"modified":"2025-12-03T22:12:32","modified_gmt":"2025-12-03T22:12:32","slug":"super-league-kelepi-tanginoa-debarque-a-warrington-un-renfort-xxl-pour-les-wolves-rugby-a-xiii","status":"publish","type":"post","link":"https:\/\/www.europesays.com\/fr\/576259\/","title":{"rendered":"Super League &#8211; Kelepi Tanginoa d\u00e9barque \u00e0 Warrington : un renfort XXL pour les Wolves &#8211; Rugby \u00e0 XIII"},"content":{"rendered":"<p style=\"text-align: justify;\"><strong>Les Warrington Wolves ont officialis\u00e9 l\u2019arriv\u00e9e de Kelepi Tanginoa, lib\u00e9r\u00e9 un an avant la fin de son contrat par Hull KR. Il s\u2019engage pour deux saisons (plus une en option) \u00e0 partir de 2026. <\/strong><\/p>\n<p style=\"text-align: justify;\">\u00c0 31 ans, l\u2019ancien cadre des Robins rejoint l\u2019ambitieux projet men\u00e9 par Sam Burgess, convaincu que le technicien australien et son adjoint Steve McNamara peuvent encore l\u2019amener \u00e0 franchir un cap.<\/p>\n<p style=\"text-align: justify;\">Tanginoa sort de deux saisons pleines \u00e0 Hull KR, o\u00f9 il a disput\u00e9 59 rencontres et inscrit 16 essais. Indispensable dans la rotation de Willie Peters, il a particip\u00e9 \u00e0 la campagne historique du club, ponctu\u00e9e d\u2019un tripl\u00e9 Challenge Cup \u2013 League Leaders\u2019 Shield \u2013 Super League. Mais il fut remplac\u00e9 lors du sprint final par Rhyse Martin. Sa derni\u00e8re apparition reste sa solide prestation lors du Round 25 face \u00e0 Hull FC.<\/p>\n<p style=\"text-align: justify;\">Sit\u00f4t sa signature officialis\u00e9e, l\u2019international tongien n\u2019a pas cach\u00e9 son enthousiasme :<\/p>\n<blockquote>\n<p style=\"text-align: justify;\">Je suis excit\u00e9 de commencer dans un si grand club, \u00eatre ici est surr\u00e9aliste. Travailler aux c\u00f4t\u00e9s de Sam Burgess et Steve McNamara, c\u2019est \u00e9norme. J\u2019ai h\u00e2te de voir ce qu\u2019ils peuvent apporter \u00e0 mon jeu, et ce que je peux, moi, apporter \u00e0 ce groupe.<\/p>\n<\/blockquote>\n<p style=\"text-align: justify;\">Tanginoa conna\u00eet bien le Halliwell Jones Stadium pour y avoir jou\u00e9 \u00e0 plusieurs reprises. Et il se r\u00e9jouit de vivre d\u00e9sormais l\u2019ambiance du c\u00f4t\u00e9 local.<\/p>\n<blockquote>\n<p>C\u2019est un des stades les plus bruyants de la ligue. \u00catre de ce c\u00f4t\u00e9, \u00e7a va \u00eatre g\u00e9nial.<\/p>\n<\/blockquote>\n<p style=\"text-align: justify;\">Le deuxi\u00e8me ligne rejoint une vague de renforts impressionnante, comprenant Toafofoa Sipley, Liam Byrne, Albert Hopoate, James Bentley, Josh Smith ou encore Sam Stone. De quoi renforcer un pack d\u00e9j\u00e0 solide et offrir de nouvelles armes \u00e0 Burgess, d\u00e9termin\u00e9 \u00e0 s\u2019inscrire dans la continuit\u00e9 d\u2019une saison 2025 r\u00e9ussie.<\/p>\n<p style=\"text-align: justify;\">L\u2019entra\u00eeneur en chef n\u2019a pas manqu\u00e9 de saluer l\u2019arriv\u00e9e du joueur :<\/p>\n<blockquote>\n<p style=\"text-align: justify;\">Kelepi est un ajout fantastique pour nous. Il apporte un \u00e9norme bagage d\u2019exp\u00e9rience et un vrai punch. On a h\u00e2te de l\u2019int\u00e9grer au groupe.<\/p>\n<\/blockquote>\n<p style=\"text-align: justify;\">Du c\u00f4t\u00e9 de Hull KR, la d\u00e9cision de lib\u00e9rer Tanginoa n\u2019a pas \u00e9t\u00e9 prise \u00e0 la l\u00e9g\u00e8re. Willie Peters l\u2019a confirm\u00e9 : humainement, le club aurait aim\u00e9 le conserver.<\/p>\n<blockquote>\n<p style=\"text-align: justify;\">Kelepi est l\u2019une des meilleures personnes que j\u2019ai rencontr\u00e9es dans ce sport. Il est venu me voir avec une opportunit\u00e9 qui s\u00e9curise sa famille sur la fin de sa carri\u00e8re. Nous ne voulions pas le perdre, mais nous ne voulions pas l\u2019emp\u00eacher d\u2019avancer.<\/p>\n<\/blockquote>\n<p style=\"text-align: justify;\">Le coach a tenu \u00e0 remercier chaleureusement Tanginoa et sa famille pour leur engagement sur les deux derni\u00e8res saisons.<\/p>\n<p style=\"text-align: justify;\">\u00c0 31 ans, Kelepi Tanginoa ouvre un nouveau chapitre dans une carri\u00e8re d\u00e9j\u00e0 riche en Super League, entre Wakefield, Hull KR et \u00e0 pr\u00e9sent Warrington. Sa puissance, son exp\u00e9rience et sa mentalit\u00e9 en font un renfort de premier plan pour des Wolves qui affichent clairement leurs ambitions avant 2026.<\/p>\n<blockquote class=\"instagram-media\" data-instgrm-captioned=\"\" data-instgrm-permalink=\"https:\/\/www.instagram.com\/p\/DRm6gCVDtxV\/?utm_source=ig_embed&amp;utm_campaign=loading\" data-instgrm-version=\"14\" style=\" background:#FFF; border:0; border-radius:3px; box-shadow:0 0 1px 0 rgba(0,0,0,0.5),0 1px 10px 0 rgba(0,0,0,0.15); margin: 1px; max-width:500px; min-width:326px; padding:0; width:99.375%; width:-webkit-calc(100% - 2px); width:calc(100% - 2px);\">\n<\/blockquote>\n<p>        <script async src=\"\/\/www.instagram.com\/embed.js\"><\/script><\/p>\n","protected":false},"excerpt":{"rendered":"Les Warrington Wolves ont officialis\u00e9 l\u2019arriv\u00e9e de Kelepi Tanginoa, lib\u00e9r\u00e9 un an avant la fin de son contrat&hellip;\n","protected":false},"author":2,"featured_media":576260,"comment_status":"","ping_status":"","sticky":false,"template":"","format":"standard","meta":{"footnotes":""},"categories":[1416],"tags":[1011,27,9879,69046,479,2228,1468,2229,60,4474,10662,29045],"class_list":{"0":"post-576259","1":"post","2":"type-post","3":"status-publish","4":"format-standard","5":"has-post-thumbnail","7":"category-rugby","8":"tag-fr","9":"tag-france","10":"tag-hull-kr","11":"tag-kelepi-tanginoa","12":"tag-rugby","13":"tag-rugby-a-xiii","14":"tag-rugby-football","15":"tag-rugby-league","16":"tag-sports","17":"tag-super-league","18":"tag-transferts","19":"tag-warrington-wolves"},"share_on_mastodon":{"url":"https:\/\/pubeurope.com\/@fr\/115657935737773840","error":""},"_links":{"self":[{"href":"https:\/\/www.europesays.com\/fr\/wp-json\/wp\/v2\/posts\/576259","targetHints":{"allow":["GET"]}}],"collection":[{"href":"https:\/\/www.europesays.com\/fr\/wp-json\/wp\/v2\/posts"}],"about":[{"href":"https:\/\/www.europesays.com\/fr\/wp-json\/wp\/v2\/types\/post"}],"author":[{"embeddable":true,"href":"https:\/\/www.europesays.com\/fr\/wp-json\/wp\/v2\/users\/2"}],"replies":[{"embeddable":true,"href":"https:\/\/www.europesays.com\/fr\/wp-json\/wp\/v2\/comments?post=576259"}],"version-history":[{"count":0,"href":"https:\/\/www.europesays.com\/fr\/wp-json\/wp\/v2\/posts\/576259\/revisions"}],"wp:featuredmedia":[{"embeddable":true,"href":"https:\/\/www.europesays.com\/fr\/wp-json\/wp\/v2\/media\/576260"}],"wp:attachment":[{"href":"https:\/\/www.europesays.com\/fr\/wp-json\/wp\/v2\/media?parent=576259"}],"wp:term":[{"taxonomy":"category","embeddable":true,"href":"https:\/\/www.europesays.com\/fr\/wp-json\/wp\/v2\/categories?post=576259"},{"taxonomy":"post_tag","embeddable":true,"href":"https:\/\/www.europesays.com\/fr\/wp-json\/wp\/v2\/tags?post=576259"}],"curies":[{"name":"wp","href":"https:\/\/api.w.org\/{rel}","templated":true}]}}