{"id":576267,"date":"2025-12-03T22:20:15","date_gmt":"2025-12-03T22:20:15","guid":{"rendered":"https:\/\/www.europesays.com\/fr\/576267\/"},"modified":"2025-12-03T22:20:15","modified_gmt":"2025-12-03T22:20:15","slug":"140-designers-devoilent-les-nouvelles-tendances-deco-2026-cet-amenagement-inattendu-quils-placent-n1-et-que-votre-salon-ignore-encore","status":"publish","type":"post","link":"https:\/\/www.europesays.com\/fr\/576267\/","title":{"rendered":"140 designers d\u00e9voilent les nouvelles tendances d\u00e9co 2026 : cet am\u00e9nagement inattendu qu&rsquo;ils placent n\u00b01 et que votre salon ignore encore"},"content":{"rendered":"<p itemprop=\"description\">En 2024, Apartment Therapy a interrog\u00e9<br \/>\n140 designers du monde entier sur les tendances d\u00e9co 2026. Leur<br \/>\nr\u00e9ponse n\u00b01 ne parle ni de couleur ni de canap\u00e9, mais d\u2019un d\u00e9tail<br \/>\ninattendu qui change tout.<\/p>\n<p>On s\u2019attend toujours \u00e0 ce que les listes de <strong>tendances<br \/>\nd\u00e9co 2026<\/strong> nous parlent d\u2019une nouvelle couleur star, d\u2019un<br \/>\nmat\u00e9riau \u00e0 la mode ou d\u2019un style pr\u00eat \u00e0 envahir Instagram. Chaque<br \/>\nann\u00e9e, les pr\u00e9visions se succ\u00e8dent, promettant de remplacer le<br \/>\nsempiternel beige par un ton plus audacieux, une mati\u00e8re plus<br \/>\n\u201cwaouh\u201d, un canap\u00e9 encore plus enveloppant. Bref, on croit d\u00e9j\u00e0<br \/>\nconna\u00eetre la chanson.<\/p>\n<p>Pour pr\u00e9parer 2026, Apartment Therapy a pourtant d\u00e9cid\u00e9 de faire<br \/>\ndiff\u00e9remment en interrogeant 140 designers dans le cadre de son<br \/>\nrapport The State of Home Design 2026. \u00c0 la question des plus<br \/>\ngrandes <strong>tendances design int\u00e9rieur 2026<\/strong>, ces<br \/>\nprofessionnels n\u2019ont pas mis en t\u00eate une couleur ou un mat\u00e9riau,<br \/>\nmais une mani\u00e8re de dessiner l\u2019espace, fond\u00e9e sur les alc\u00f4ves, les<br \/>\nniches et les recoins sur-mesure, un r\u00e9sultat qui a surpris<br \/>\njusqu\u2019aux auteurs de l\u2019\u00e9tude et que l\u2019on voit d\u00e9j\u00e0 se refl\u00e9ter dans<br \/>\nles analyses d\u2019experts fran\u00e7ais. Et ce n\u2019est qu\u2019un d\u00e9but.<\/p>\n<p>Tendances d\u00e9co 2026 : la micro-architecture chaleureuse en<br \/>\nt\u00eate<\/p>\n<p>Ce que les 140 designers mettent au sommet des <strong>tendances<br \/>\nd\u00e9coration int\u00e9rieure 2026<\/strong>, ce sont les \u00e9l\u00e9ments<br \/>\narchitecturaux qui donnent du caract\u00e8re : alc\u00f4ves, \u201cbook nooks\u201d,<br \/>\nniches int\u00e9gr\u00e9es, biblioth\u00e8ques encadrant portes et ouvertures,<br \/>\nmenuiseries sur-mesure. Plut\u00f4t que d\u2019ouvrir toujours plus les<br \/>\nespaces, ils pl\u00e9biscitent des pi\u00e8ces rythm\u00e9es par des recoins bien<br \/>\ndessin\u00e9s, faciles \u00e0 transformer en coin lecture, mini bureau ou<br \/>\nbanquette sous la fen\u00eatre. Le couloir, le renfoncement ou<br \/>\nl\u2019ancienne chemin\u00e9e ne sont plus vus comme des contraintes, mais<br \/>\ncomme des opportunit\u00e9s pour cr\u00e9er des zones intimes.<\/p>\n<p>Ce mouvement rejoint ce que plusieurs architectes d\u2019int\u00e9rieur<br \/>\nsoulignent pour 2026 : fini les int\u00e9rieurs \u201cclones\u201d et les plans<br \/>\nenti\u00e8rement liss\u00e9s, place aux lieux qui racontent une histoire et<br \/>\nrespectent la configuration d\u2019origine. Les magazines \u00e9voquent d\u00e9j\u00e0<br \/>\ndes \u201cconfidence zones\u201d ou micro-espaces pens\u00e9s pour se poser,<br \/>\nt\u00e9l\u00e9travailler vite fait ou lire au calme dans le salon.<br \/>\nConcr\u00e8tement, cela peut prendre la forme d\u2019une banquette int\u00e9gr\u00e9e<br \/>\ndans une niche, d\u2019une t\u00eate de lit architectur\u00e9e avec rangements et<br \/>\n\u00e9tag\u00e8res, ou d\u2019une biblioth\u00e8que sur-mesure dessin\u00e9e autour d\u2019une<br \/>\nporte, tout ce qui rend un appartement imm\u00e9diatement<br \/>\nreconnaissable.<\/p>\n<p>Couleurs et mati\u00e8res : ce que r\u00e9v\u00e8lent les tendances design<br \/>\nint\u00e9rieur 2026<\/p>\n<p>Sur le plan des couleurs, la trajectoire est nette. D\u00e9j\u00e0, un<br \/>\narticle Deavita expliquait que le gris \u00e9tait une tendance d\u00e9pass\u00e9e<br \/>\ndans la salle \u00e0 manger, au profit des bleus et des verts, du rose<br \/>\net des blancs cr\u00e8me enveloppants. Les palettes qui se dessinent<br \/>\npour 2026 prolongent ce mouvement : tons bruns et terracotta, verts<br \/>\nprofonds, bleus soutenus, teintes ros\u00e9es et poudr\u00e9es composent des<br \/>\nambiances plus chaleureuses, souvent appliqu\u00e9es du mur au plafond.<br \/>\nPeindre murs, moulures et m\u00eame plafond dans un bleu fonc\u00e9 ou un<br \/>\nvert intense, fa\u00e7on \u201ccolor drenching\u201d, permet d\u2019envelopper une<br \/>\nsalle \u00e0 manger ou un salon dans une seule atmosph\u00e8re, comme un<br \/>\ncocon chromatique.<\/p>\n<p>Les blancs et cr\u00e8mes ne disparaissent pas pour autant : ils<br \/>\nservent de base lumineuse dans les pi\u00e8ces baign\u00e9es de lumi\u00e8re<br \/>\nnaturelle, parfois r\u00e9chauff\u00e9s par des plantes et quelques meubles<br \/>\nen bois. Les mati\u00e8res tactiles, elles, prennent clairement le<br \/>\ndessus dans ces <strong>tendances d\u00e9co 2026<\/strong> : bois<br \/>\ntextur\u00e9, pierres tr\u00e8s pr\u00e9sentes en cuisine ou en salle de bain,<br \/>\nvelours, bouclette, laines \u00e9paisses, lins lav\u00e9s. Les formes suivent<br \/>\nla m\u00eame logique, avec un mobilier plus g\u00e9n\u00e9reux, canap\u00e9s arrondis,<br \/>\nfauteuils dodus et tapis qui ressemblent \u00e0 de v\u00e9ritables tableaux<br \/>\nau sol, comme le d\u00e9crivent d\u00e9j\u00e0 plusieurs articles de tendances<br \/>\npour 2026.<\/p>\n<p>Lumi\u00e8res, vintage et objets cultes :<br \/>\ncomment adopter les tendances d\u00e9co 2026 chez soi<\/p>\n<p>C\u00f4t\u00e9 \u00e9clairage, les architectes interrog\u00e9s dans la presse<br \/>\nsp\u00e9cialis\u00e9e annoncent la fin des plafonds satur\u00e9s de spots LED au<br \/>\nprofit de lumi\u00e8res plus humaines et d\u00e9coratives. Le retour de la<br \/>\n\u201cgrosse\u201d lumi\u00e8re se confirme : plafonniers sculpturaux, suspensions<br \/>\nen verre souffl\u00e9 ou en m\u00e9tal deviennent des pi\u00e8ces centrales du<br \/>\nsalon ou de la salle \u00e0 manger. En parall\u00e8le, les designers<br \/>\nencouragent la multiplication de petites lampes d\u2019appoint, de<br \/>\nlampes nomades et d\u2019appliques sans fil qui permettent de moduler<br \/>\nl\u2019ambiance. C\u2019est exactement l\u2019esprit de la fameuse <strong>lampe<br \/>\nde table en verre ACTION<\/strong>, devenue culte : en verre textur\u00e9<br \/>\nrose poudr\u00e9 ou blanc opalin selon les arrivages, ronde (17 x 18<br \/>\ncm), avec une lumi\u00e8re LED blanche chaude int\u00e9gr\u00e9e, elle fonctionne<br \/>\navec deux piles AA et se vend 6,95 \u20ac, sans c\u00e2ble ni fonctions<br \/>\nconnect\u00e9es, mais assez de charme pour rivaliser avec des mod\u00e8les<br \/>\nbien plus chers.<\/p>\n<p>Dernier pilier des <strong>tendances salon 2026<\/strong> et plus<br \/>\nlargement de la maison : le retour assum\u00e9 du vintage, des ann\u00e9es<br \/>\n60\u201370, des mat\u00e9riaux comme le li\u00e8ge ou le formica revisit\u00e9, et des<br \/>\nmotifs plus libres, fa\u00e7on gribouillage. Pour suivre le mouvement<br \/>\nsans refaire tout votre int\u00e9rieur, les designers recommandent des<br \/>\ngestes cibl\u00e9s, faciles \u00e0 mixer avec l\u2019existant :<\/p>\n<ul>\n<li>peindre une salle \u00e0 manger enti\u00e8re en bleu profond, vert ou<br \/>\nros\u00e9 doux plut\u00f4t que de se limiter \u00e0 un mur d\u2019accent ;<\/li>\n<li>remplacer une suspension anonyme par un luminaire sculptural,<br \/>\net compl\u00e9ter par une lampe nomade type lampe en verre Action sur<br \/>\nune enfilade ou une table basse ;<\/li>\n<li>introduire un tapis tr\u00e8s graphique ou textur\u00e9 qui structure le<br \/>\nsalon \u00e0 lui seul ;<\/li>\n<li>d\u00e9tourner un recoin en alc\u00f4ve : banquette sous fen\u00eatre,<br \/>\n\u00e9tag\u00e8res encastr\u00e9es, mini coin lecture qui devient la petite<br \/>\nsignature de la pi\u00e8ce, m\u00eame si le reste n\u2019est pas encore vraiement<br \/>\nrefait.<\/li>\n<\/ul>\n","protected":false},"excerpt":{"rendered":"En 2024, Apartment Therapy a interrog\u00e9 140 designers du monde entier sur les tendances d\u00e9co 2026. Leur r\u00e9ponse&hellip;\n","protected":false},"author":2,"featured_media":576268,"comment_status":"","ping_status":"","sticky":false,"template":"","format":"standard","meta":{"footnotes":""},"categories":[1358],"tags":[9857,1348,1384,1385,8117,1386,58,59,1011,27,16978,64733,8551],"class_list":{"0":"post-576267","1":"post","2":"type-post","3":"status-publish","4":"format-standard","5":"has-post-thumbnail","7":"category-arts-et-design","8":"tag-amenagement","9":"tag-arts","10":"tag-arts-and-design","11":"tag-arts-et-design","12":"tag-deco","13":"tag-design","14":"tag-divertissement","15":"tag-entertainment","16":"tag-fr","17":"tag-france","18":"tag-interieur","19":"tag-luminaires","20":"tag-tendance"},"share_on_mastodon":{"url":"https:\/\/pubeurope.com\/@fr\/115657967105035959","error":""},"_links":{"self":[{"href":"https:\/\/www.europesays.com\/fr\/wp-json\/wp\/v2\/posts\/576267","targetHints":{"allow":["GET"]}}],"collection":[{"href":"https:\/\/www.europesays.com\/fr\/wp-json\/wp\/v2\/posts"}],"about":[{"href":"https:\/\/www.europesays.com\/fr\/wp-json\/wp\/v2\/types\/post"}],"author":[{"embeddable":true,"href":"https:\/\/www.europesays.com\/fr\/wp-json\/wp\/v2\/users\/2"}],"replies":[{"embeddable":true,"href":"https:\/\/www.europesays.com\/fr\/wp-json\/wp\/v2\/comments?post=576267"}],"version-history":[{"count":0,"href":"https:\/\/www.europesays.com\/fr\/wp-json\/wp\/v2\/posts\/576267\/revisions"}],"wp:featuredmedia":[{"embeddable":true,"href":"https:\/\/www.europesays.com\/fr\/wp-json\/wp\/v2\/media\/576268"}],"wp:attachment":[{"href":"https:\/\/www.europesays.com\/fr\/wp-json\/wp\/v2\/media?parent=576267"}],"wp:term":[{"taxonomy":"category","embeddable":true,"href":"https:\/\/www.europesays.com\/fr\/wp-json\/wp\/v2\/categories?post=576267"},{"taxonomy":"post_tag","embeddable":true,"href":"https:\/\/www.europesays.com\/fr\/wp-json\/wp\/v2\/tags?post=576267"}],"curies":[{"name":"wp","href":"https:\/\/api.w.org\/{rel}","templated":true}]}}