{"id":576269,"date":"2025-12-03T22:23:20","date_gmt":"2025-12-03T22:23:20","guid":{"rendered":"https:\/\/www.europesays.com\/fr\/576269\/"},"modified":"2025-12-03T22:23:20","modified_gmt":"2025-12-03T22:23:20","slug":"george-clooney-dans-c-a-vous-il-regle-ses-comptes-avec-un-celebre-acteur-et-ca-va-faire-reagir","status":"publish","type":"post","link":"https:\/\/www.europesays.com\/fr\/576269\/","title":{"rendered":"George Clooney dans C \u00e0 vous : il r\u00e8gle ses comptes avec un c\u00e9l\u00e8bre acteur et \u00e7a va faire r\u00e9agir !"},"content":{"rendered":"<p>Invit\u00e9s sur le plateau de C \u00e0 vous ce mercredi 3<br \/>\nd\u00e9cembre, <strong>George Clooney et Adam Sandler<\/strong> sont<br \/>\nvenus pr\u00e9senter leur nouveau film Jay Kelly. Une<br \/>\napparition rare en duo, marqu\u00e9e par une <strong>complicit\u00e9<\/strong><br \/>\n\u00e9vidente\u2026 mais aussi par quelques <strong>piques<\/strong><br \/>\nsavoureuses qui ont enflamm\u00e9 l\u2019ambiance autour de la table.<br \/>\nL\u2019\u00e9mission d\u2019Anne-\u00c9lisabeth Lemoine a offert plusieurs moments<br \/>\n<strong>inattendus<\/strong>, notamment lorsque Patrick Cohen a<br \/>\ninterrog\u00e9 George Clooney sur son rapport \u00e0 l\u2019image et \u00e0 ses<br \/>\n<strong>erreurs<\/strong> pass\u00e9es.<\/p>\n<p>Face aux questions du chroniqueur, <a href=\"https:\/\/www.closermag.fr\/people\/jarrive-a-paris-pour-george-clooney-rejoint-un-enorme-projet-francais-il-en-dit-plus-3589375\" target=\"_blank\" rel=\"noopener\"><br \/>\nGeorge Clooney, de retour \u00e0 Paris<\/a>, n\u2019a pas esquiv\u00e9. Avec son<br \/>\nhumour habituel, l\u2019acteur est revenu sur son <strong>pass\u00e9<\/strong><br \/>\nprofessionnel, \u00e9voquant m\u00eame son c\u00e9l\u00e8bre <strong>regret<\/strong> :<br \/>\nBatman &amp; Robin. Une franchise qu\u2019il ne manque jamais de<br \/>\nciter comme \u201c<strong>l\u2019erreur<\/strong>\u201d dont il se moque<br \/>\nvolontiers. Mais cette fois, au-del\u00e0 de<br \/>\n<strong>l\u2019autod\u00e9rision<\/strong>, George Clooney en a profit\u00e9 pour<br \/>\nenvoyer une petite <strong>bombe<\/strong>\u2026 et elle concernait<br \/>\ndirectement <strong>Adam Sandler.<\/strong><\/p>\n<p>George Clooney r\u00e8gle ses comptes en direct<\/p>\n<p>Alors que Patrick Cohen \u00e9voquait les <strong>r\u00f4les<\/strong><br \/>\nmarquants d\u2019Adam Sandler, notamment Punch Drunk Love ou<br \/>\nUncut Gems, le com\u00e9dien a racont\u00e9 avec<br \/>\n<strong>\u00e9motion<\/strong> sa collaboration avec <strong>Paul Thomas<br \/>\nAnderson.<\/strong> Il a m\u00eame r\u00e9v\u00e9l\u00e9 que leurs<br \/>\n<strong>familles<\/strong> partaient parfois en<br \/>\n<strong>vacances<\/strong> ensemble. Une confidence qui n\u2019a pas<br \/>\n<strong>\u00e9chapp\u00e9<\/strong> \u00e0 George Clooney, qui a imm\u00e9diatement<br \/>\nsurgi, hilare.<\/p>\n<p>\u2018\u2018Tu pars en vacances avec ? On <strong>ne part jamais en<br \/>\nvacances ensemble<\/strong>.\u2019\u2019 <a href=\"https:\/\/www.closermag.fr\/people\/adam-sandler-cette-activite-risquee-qu-il-a-pratiquee-avec-un-celebre-acteur-francais-en-pleine-pandemie-1701758\" target=\"_blank\" rel=\"noopener\"><br \/>\nAdam Sandler<\/a> a tent\u00e9 de se d\u00e9fendre, expliquant avoir d\u00e9j\u00e0<br \/>\npass\u00e9 des vacances chez George Clooney. Mais ce dernier n\u2019a rien<br \/>\nvoulu savoir. \u2018\u2018<strong>Non, c\u2019est faux ! Tu ne m\u2019a jamais<br \/>\ninvit\u00e9.<\/strong>\u2019\u2019 Un \u00e9change taquin qui a provoqu\u00e9 un<br \/>\n<strong>fou rire<\/strong> g\u00e9n\u00e9ral sur le plateau, Anne-\u00c9lisabeth<br \/>\nLemoine allant jusqu\u2019\u00e0 rappeler que George Clooney ne les<br \/>\n<strong>invitait pas non plus<\/strong>, eux.<\/p>\n<p>Adam Sandler envoie un tacle taquin en<br \/>\nretour<\/p>\n<p>Le ton est mont\u00e9 d\u2019un cran lorsque l\u2019animatrice a rappel\u00e9<br \/>\nqu\u2019Adam Sandler \u00e9tait consid\u00e9r\u00e9 par l\u2019acteur <a href=\"https:\/\/www.closermag.fr\/people\/timothee-chalamet-acide-je-promets-de-lacteur-regle-ses-comptes-apres-une-recompense-surprenante-3587685\" target=\"_blank\" rel=\"noopener\"><br \/>\nTimoth\u00e9e Chalamet, qui a gagn\u00e9 un prix face \u00e0 lui<\/a> comme<br \/>\n\u201cl\u2019un des <strong>plus grands acteurs de tous les<br \/>\ntemps<\/strong>\u201d. Une d\u00e9claration forte que George Clooney a<br \/>\nimm\u00e9diatement valid\u00e9e. \u2018\u2018Il a raison. <strong>Adam aurait d\u00fb<br \/>\navoir un Oscar depuis longtemps<\/strong>, pour Punch Drunk Love par<br \/>\nexemple.\u2019\u2019<\/p>\n<p>Mais la s\u00e9quence ne serait pas digne de C \u00e0 vous sans<br \/>\nune derni\u00e8re <strong>pique<\/strong> bien plac\u00e9e. Adam Sandler<br \/>\naccuse alors George Clooney de se pointer \u201c<strong>sur les<br \/>\ntournages avec ses Oscars<\/strong>\u201d. Ce qui a fait<br \/>\n<strong>\u00e9clater<\/strong> de rire l\u2019acteur am\u00e9ricain, ravi de<br \/>\nconclure sur une note de <strong>chambrage<\/strong>.<\/p>\n","protected":false},"excerpt":{"rendered":"Invit\u00e9s sur le plateau de C \u00e0 vous ce mercredi 3 d\u00e9cembre, George Clooney et Adam Sandler sont&hellip;\n","protected":false},"author":2,"featured_media":576270,"comment_status":"","ping_status":"","sticky":false,"template":"","format":"standard","meta":{"footnotes":""},"categories":[1356],"tags":[5631,5632,58,59,1011,27,6054,252,1364],"class_list":{"0":"post-576269","1":"post","2":"type-post","3":"status-publish","4":"format-standard","5":"has-post-thumbnail","7":"category-television","8":"tag-anne-elisabeth-lemoine","9":"tag-c-a-vous","10":"tag-divertissement","11":"tag-entertainment","12":"tag-fr","13":"tag-france","14":"tag-george-clooney","15":"tag-television","16":"tag-tv"},"share_on_mastodon":{"url":"https:\/\/pubeurope.com\/@fr\/115657979253401835","error":""},"_links":{"self":[{"href":"https:\/\/www.europesays.com\/fr\/wp-json\/wp\/v2\/posts\/576269","targetHints":{"allow":["GET"]}}],"collection":[{"href":"https:\/\/www.europesays.com\/fr\/wp-json\/wp\/v2\/posts"}],"about":[{"href":"https:\/\/www.europesays.com\/fr\/wp-json\/wp\/v2\/types\/post"}],"author":[{"embeddable":true,"href":"https:\/\/www.europesays.com\/fr\/wp-json\/wp\/v2\/users\/2"}],"replies":[{"embeddable":true,"href":"https:\/\/www.europesays.com\/fr\/wp-json\/wp\/v2\/comments?post=576269"}],"version-history":[{"count":0,"href":"https:\/\/www.europesays.com\/fr\/wp-json\/wp\/v2\/posts\/576269\/revisions"}],"wp:featuredmedia":[{"embeddable":true,"href":"https:\/\/www.europesays.com\/fr\/wp-json\/wp\/v2\/media\/576270"}],"wp:attachment":[{"href":"https:\/\/www.europesays.com\/fr\/wp-json\/wp\/v2\/media?parent=576269"}],"wp:term":[{"taxonomy":"category","embeddable":true,"href":"https:\/\/www.europesays.com\/fr\/wp-json\/wp\/v2\/categories?post=576269"},{"taxonomy":"post_tag","embeddable":true,"href":"https:\/\/www.europesays.com\/fr\/wp-json\/wp\/v2\/tags?post=576269"}],"curies":[{"name":"wp","href":"https:\/\/api.w.org\/{rel}","templated":true}]}}