{"id":576271,"date":"2025-12-03T22:24:17","date_gmt":"2025-12-03T22:24:17","guid":{"rendered":"https:\/\/www.europesays.com\/fr\/576271\/"},"modified":"2025-12-03T22:24:17","modified_gmt":"2025-12-03T22:24:17","slug":"je-ne-le-savais-pas-il-tombe-de-sa-chaise","status":"publish","type":"post","link":"https:\/\/www.europesays.com\/fr\/576271\/","title":{"rendered":"\u00ab\u00a0Je ne le savais pas&#8230;\u00a0\u00bb, il tombe de sa chaise &#8230;"},"content":{"rendered":"<p>EN BREF<\/p>\n<ul class=\"bloc_resume_post_list\">\n<li>David Hallyday, 59 ans, parcourt la France avec une<br \/>\ntourn\u00e9e personnelle, mettant en avant les chansons \u00e9crites pour son<br \/>\np\u00e8re Johnny Hallyday.<\/li>\n<li>Lors d\u00a0\u00bbune interview en novembre, il a d\u00e9couvert que son<br \/>\np\u00e8re Johnny Hallyday, avait fait ses premiers pas dans la chanson \u00e0<br \/>\nTrouville, \u00e0 seulement 10 ans.<\/li>\n<li>Un documentaire intitul\u00e9 \u00ab\u00a0Hallyday par David\u00a0\u00bb sera<br \/>\ndiffus\u00e9 le 10 d\u00e9cembre sur M6, offrant un regard intime sur<br \/>\nl&rsquo;artiste.<\/li>\n<\/ul>\n<p>\u00c0 59 ans, David Hallyday sillonne la France avec une tourn\u00e9e<br \/>\ntr\u00e8s personnelle, con\u00e7ue autour des chansons qu\u2019il a \u00e9crites pour<br \/>\nson p\u00e8re, mais aussi celles qui ont marqu\u00e9 son enfance.<\/p>\n<p>Au micro d\u2019<strong>ICI Normandie<\/strong>, en novembre<br \/>\ndernier, l\u2019artiste a appris une anecdote qu\u2019il ignorait sur Johnny<br \/>\nHallyday.<\/p>\n<p>David Hallyday boulevers\u00e9 par une r\u00e9v\u00e9lation sur son p\u00e8re<\/p>\n<p>Alors qu\u2019il \u00e9voquait la relation artistique qui l\u2019unissait \u00e0 son<br \/>\np\u00e8re, <a href=\"https:\/\/www.telestar.fr\/people\/emma-et-ilona-smet-jeunes-mamans-leur-pere-david-hallyday-trouble-au-debut-ca-ma-1743620\" target=\"_blank\" rel=\"noopener\"><br \/>\nDavid Hallyday<\/a> est tomb\u00e9 litt\u00e9ralement des nues lorsque les<br \/>\njournalistes lui ont r\u00e9v\u00e9l\u00e9 un \u00e9pisode m\u00e9connu de la jeunesse de<br \/>\n<a href=\"https:\/\/www.telestar.fr\/people\/johnny-hallyday-apres-le-biopic-la-serie-documentaire-mais-il-va-falloir-etre-patient-1739620\" target=\"_blank\" rel=\"noopener\"><br \/>\nJohnny<\/a>. Le chanteur a en effet appris en direct que l\u2019un des<br \/>\n<strong>tout premiers concours de chant<\/strong> de son p\u00e8re<br \/>\ns\u2019\u00e9tait d\u00e9roul\u00e9\u2026 en <strong>Normandie<\/strong>, au casino de<br \/>\nTrouville-sur-mer, en 1953. Stup\u00e9fait, il a alors lanc\u00e9 : \u00ab\u00a0Je<br \/>\nconnaissais ses premiers pas au Golf-Drouot, \u00e9videmment, mais \u00e7a,<br \/>\n<strong>je ne savais pas<\/strong> !\u00a0\u00bb.\u00a0<\/p>\n<p>L\u2019artiste ignorait totalement que son p\u00e8re, alors \u00e2g\u00e9 de<br \/>\nseulement 10 ans et encore connu sous le nom de Jean-Philippe Smet,<br \/>\navait remport\u00e9 \u00e0 Trouville <strong>le premier prix<\/strong> d\u2019un<br \/>\nconcours de chant. Arm\u00e9 d\u2019une guitare, habill\u00e9 d\u2019un costume de<br \/>\ncow-boy, le jeune gar\u00e7on avait interpr\u00e9t\u00e9 La Ballade de Davy<br \/>\nCrockett et Les Plaines du Far West. Dix ans plus<br \/>\ntard, Johnny Hallyday \u00e9tait revenu f\u00eater ses 20 ans \u00e0 la brasserie<br \/>\nLes Vapeurs, \u00e0 quelques pas du casino. Cette anecdote, r\u00e9v\u00e9l\u00e9e en<br \/>\ndirect, a d\u00e9montr\u00e9 que son propre fils continue de d\u00e9couvrir, au<br \/>\nfil des ann\u00e9es, des \u00e9pisodes de la vie hors norme de la star.<\/p>\n<blockquote class=\"twitter-tweet\"><p><a class=\"twitter-link\" rel=\"noindex, nofollow noopener\" href=\"https:\/\/twitter.com\/ici_bnormandie\/status\/1993621019492319414\" target=\"_blank\"><\/p><\/blockquote>\n<p>David Hallyday\u00a0: un documentaire<br \/>\nbient\u00f4t diffus\u00e9<\/p>\n<p>La cha\u00eene M6 a suivi pendant plusieurs mois David Hallyday dans<br \/>\nles coulisses de Requiem pour un fou. Enregistrement en<br \/>\nstudio, r\u00e9p\u00e9titions, cr\u00e9ation du show\u2026 mais aussi un aper\u00e7u plus<br \/>\nintime de l\u2019artiste, notamment gr\u00e2ce aux t\u00e9moignages de plusieurs<br \/>\nproches. Sa compagne, Alexandra Pastor, sa m\u00e8re <a href=\"https:\/\/www.telestar.fr\/people\/sylvie-vartan-ce-profond-regret-quelle-eprouve-en-repensant-a-son-mariage-avec-johnny-hallyday-1742993\" target=\"_blank\" rel=\"noopener\"><br \/>\nSylvie Vartan<\/a>, sa s\u0153ur <a href=\"https:\/\/www.telestar.fr\/people\/laura-smet-on-la-fait-version-france-tv-cet-element-tres-edulcore-pour-la-serie-surface-1737415\" target=\"_blank\" rel=\"noopener\"><br \/>\nLaura Smet<\/a> mais aussi des amis du chanteur, ont accept\u00e9 de se<br \/>\nlivrer sur l&rsquo;artiste.<\/p>\n<p>Le r\u00e9sultat sera d\u00e9voil\u00e9 dans un documentaire,<br \/>\n<strong>\u00ab\u00a0Hallyday par David\u00a0\u00bb,<\/strong> diffus\u00e9 le mercredi<br \/>\n10 d\u00e9cembre sur M6, \u00e0 21h10.<\/p>\n<p><script async src=\"https:\/\/platform.twitter.com\/widgets.js\" charset=\"utf-8\"><\/script><\/p>\n","protected":false},"excerpt":{"rendered":"EN BREF David Hallyday, 59 ans, parcourt la France avec une tourn\u00e9e personnelle, mettant en avant les chansons&hellip;\n","protected":false},"author":2,"featured_media":576272,"comment_status":"","ping_status":"","sticky":false,"template":"","format":"standard","meta":{"footnotes":""},"categories":[1355],"tags":[548,58,59,1011,27,1361,873],"class_list":{"0":"post-576271","1":"post","2":"type-post","3":"status-publish","4":"format-standard","5":"has-post-thumbnail","7":"category-musique","8":"tag-article-simple","9":"tag-divertissement","10":"tag-entertainment","11":"tag-fr","12":"tag-france","13":"tag-music","14":"tag-musique"},"share_on_mastodon":{"url":"https:\/\/pubeurope.com\/@fr\/115657982897871569","error":""},"_links":{"self":[{"href":"https:\/\/www.europesays.com\/fr\/wp-json\/wp\/v2\/posts\/576271","targetHints":{"allow":["GET"]}}],"collection":[{"href":"https:\/\/www.europesays.com\/fr\/wp-json\/wp\/v2\/posts"}],"about":[{"href":"https:\/\/www.europesays.com\/fr\/wp-json\/wp\/v2\/types\/post"}],"author":[{"embeddable":true,"href":"https:\/\/www.europesays.com\/fr\/wp-json\/wp\/v2\/users\/2"}],"replies":[{"embeddable":true,"href":"https:\/\/www.europesays.com\/fr\/wp-json\/wp\/v2\/comments?post=576271"}],"version-history":[{"count":0,"href":"https:\/\/www.europesays.com\/fr\/wp-json\/wp\/v2\/posts\/576271\/revisions"}],"wp:featuredmedia":[{"embeddable":true,"href":"https:\/\/www.europesays.com\/fr\/wp-json\/wp\/v2\/media\/576272"}],"wp:attachment":[{"href":"https:\/\/www.europesays.com\/fr\/wp-json\/wp\/v2\/media?parent=576271"}],"wp:term":[{"taxonomy":"category","embeddable":true,"href":"https:\/\/www.europesays.com\/fr\/wp-json\/wp\/v2\/categories?post=576271"},{"taxonomy":"post_tag","embeddable":true,"href":"https:\/\/www.europesays.com\/fr\/wp-json\/wp\/v2\/tags?post=576271"}],"curies":[{"name":"wp","href":"https:\/\/api.w.org\/{rel}","templated":true}]}}