{"id":576277,"date":"2025-12-03T22:27:17","date_gmt":"2025-12-03T22:27:17","guid":{"rendered":"https:\/\/www.europesays.com\/fr\/576277\/"},"modified":"2025-12-03T22:27:17","modified_gmt":"2025-12-03T22:27:17","slug":"exclu-nice-matin-crise-a-logc-nice-jean-pierre-rivere-sort-du-silence-et-sadresse-aux-supporters-aux-joueurs-et-aux-dirigeants","status":"publish","type":"post","link":"https:\/\/www.europesays.com\/fr\/576277\/","title":{"rendered":"EXCLU Nice-Matin &#8211; Crise \u00e0 l\u2019OGC Nice\u00a0: Jean-Pierre Riv\u00e8re sort du silence et s\u2019adresse aux supporters, aux joueurs et aux dirigeants"},"content":{"rendered":"<p class=\"fs-5 \">Les mots sont pes\u00e9s. Mais le message est clair. Tr\u00e8s touch\u00e9 par <a href=\"https:\/\/www.nicematin.com\/environnement\/insultes-crachats-gifles-des-joueurs-de-l-ogc-nice-agresses-par-des-supporters-10659041\" target=\"_blank\" rel=\"noopener\">les incidents qui ont \u00e9clat\u00e9 dimanche soir au centre d\u2019entra\u00eenement de l\u2019OGC Nice<\/a> apr\u00e8s la d\u00e9faite \u00e0 Lorient,<strong> Jean-Pierre Riv\u00e8re<\/strong> sort ce mercedi soir de sa r\u00e9serve pour Nice-Matin. <\/p>\n<p class=\"fs-5 \">L\u2019ancien pr\u00e9sident du club (ndlr\u00a0: il a quitt\u00e9 le Gym cet \u00e9t\u00e9 apr\u00e8s 14\u00a0ans) a souhait\u00e9 transmettre un appel \u00e0 l\u2019union sacr\u00e9e autour et \u00e0 l\u2019int\u00e9rieur du club pour retrouver de la stabilit\u00e9. Un message qu\u2019il adresse aux supporters, aux joueurs mais aussi aux dirigeants actuels.<\/p>\n<p>                                                                                \u00ab\u00a0 Il ne sert \u00e0 rien de minimiser les \u00e9v\u00e9nements de dimanche soir\u00a0\u00bb<\/p>\n<p class=\"fs-5 \">\u00ab\u00a0Comme tous ceux qui aiment profond\u00e9ment l\u2019OGC Nice, j\u2019ai \u00e9t\u00e9 touch\u00e9 par les \u00e9v\u00e9nements du week-end. Il ne sert \u00e0 rien de les minimiser\u00a0: <strong>ce qui s\u2019est pass\u00e9 ne correspond ni \u00e0 l\u2019image du club, ni \u00e0 l\u2019esprit qui l\u2019a toujours port\u00e9\u00a0<\/strong>\u00bb, explique celui qui a choisit de s\u2019engager sur la liste RN-UDR d\u2019Eric Ciotti aux prochaines municipales \u00e0 Nice.<\/p>\n<p>            <img src=\"https:\/\/www.europesays.com\/fr\/wp-content\/uploads\/2025\/12\/6b58c47_upload-1-tzekwado1tzi-maxnewsspecialtwo361954.jpg\"   loading=\"lazy\" decoding=\"async\" alt=\"Franck Haise a expliqu\u00e9 pourquoi il restait le coach de l\u2019OGC Nice.\" class=\"img-fluid position-absolute w-100 object-fit-cover rounded-2\" width=\"600\" height=\"400\"\/><\/p>\n<p class=\"fs-5 \">Et de poursuivre\u00a0: \u00ab\u00a0Il faut \u00e9viter les emballements, les r\u00e9cup\u00e9rations et les divisions. Le club a besoin de lucidit\u00e9, de calme et d\u2019unit\u00e9. L\u2019OGC Nice a une histoire, une identit\u00e9 et une exigence qui d\u00e9passent chacun d\u2019entre nous. Pendant quatorze ans, j\u2019ai pu mesurer \u00e0 quel point ce club s\u2019est toujours relev\u00e9 en restant soud\u00e9\u00a0: joueurs, staff, dirigeants et supporters ensemble. C\u2019est cette force-l\u00e0, et elle seule, qui lui permettra d\u2019avancer.\u00a0\u00bb<\/p>\n<p class=\"fs-5 \">Dans la nuit de dimanche \u00e0 lundi, environs 400\u00a0supporters \u00e9taient venus devant le centre d\u2019entra\u00eenement exprimer leur col\u00e8re face aux joueurs et dirigeants ni\u00e7ois, de retour de Lorient. Accueilli dans une ambiance \u00ab\u00a0hostile\u00a0\u00bb, certains joueurs affirment avoir \u00e9t\u00e9 frapp\u00e9s par des supporters. Terem Moffi et J\u00e9r\u00e9mie Boga ont d\u00e9pos\u00e9 plainte.<\/p>\n<p class=\"fs-5 \">Le club a \u00e9galement port\u00e9 plainte contre X. Le parquet de Nice a annonc\u00e9 avoir ouvert une enqu\u00eate \u00ab\u00a0violences aggrav\u00e9es, participation \u00e0 un groupement pr\u00e9parant des violences ou d\u00e9gradations et non-emp\u00eachement d\u2019un d\u00e9lit contre l\u2019int\u00e9grit\u00e9 corporelle\u00a0\u00bb.<\/p>\n<p>                                                                                Un appel \u00e0 l\u2019union sacr\u00e9e pour le match de dimanche<\/p>\n<p class=\"fs-5 \">\u00ab\u00a0Le respect des joueurs envers les supporters est essentiel. Le respect des supporters envers les joueurs l\u2019est tout autant. Et la responsabilit\u00e9 de prot\u00e9ger l\u2019institution appartient \u00e0 tous ceux qui l\u2019aiment. Je fais confiance \u00e0 celles et ceux qui, au sein de l\u2019institution, travaillent aujourd\u2019hui \u00e0 r\u00e9tablir le dialogue et \u00e0 ramener l\u2019unit\u00e9\u00a0\u00bb, poursuit Jean-Pierre Riv\u00e8re.<\/p>\n<p class=\"fs-5 \">Une unit\u00e9 qu\u2019il faudra retrouver d\u00e8s dimanche alors que le Gym re\u00e7oit Angers \u00e0 l\u2019Allianz Riviera. \u00ab\u00a0Quel que soit le r\u00e9sultat de dimanche, je souhaite que le club retrouve la s\u00e9r\u00e9nit\u00e9, l\u2019alignement et la confiance qui lui permettront de repartir de l\u2019avant. Un club divis\u00e9 ne gagne jamais. Un club uni peut tout renverser. Je forme simplement le v\u0153u que chacun reste concentr\u00e9 sur l\u2019essentiel\u00a0: le terrain, le travail, l\u2019unit\u00e9 et l\u2019ambition de faire de l\u2019OGC Nice un club dont chaque Ni\u00e7oise et chaque Ni\u00e7ois peuvent \u00eatre fiers \u00bb, clonclut JPR.<\/p>\n","protected":false},"excerpt":{"rendered":"Les mots sont pes\u00e9s. Mais le message est clair. Tr\u00e8s touch\u00e9 par les incidents qui ont \u00e9clat\u00e9 dimanche&hellip;\n","protected":false},"author":2,"featured_media":576278,"comment_status":"","ping_status":"","sticky":false,"template":"","format":"standard","meta":{"footnotes":""},"categories":[9],"tags":[1011,27,54521,60],"class_list":{"0":"post-576277","1":"post","2":"type-post","3":"status-publish","4":"format-standard","5":"has-post-thumbnail","7":"category-sports","8":"tag-fr","9":"tag-france","10":"tag-ogcnice","11":"tag-sports"},"share_on_mastodon":{"url":"https:\/\/pubeurope.com\/@fr\/115657995572369539","error":""},"_links":{"self":[{"href":"https:\/\/www.europesays.com\/fr\/wp-json\/wp\/v2\/posts\/576277","targetHints":{"allow":["GET"]}}],"collection":[{"href":"https:\/\/www.europesays.com\/fr\/wp-json\/wp\/v2\/posts"}],"about":[{"href":"https:\/\/www.europesays.com\/fr\/wp-json\/wp\/v2\/types\/post"}],"author":[{"embeddable":true,"href":"https:\/\/www.europesays.com\/fr\/wp-json\/wp\/v2\/users\/2"}],"replies":[{"embeddable":true,"href":"https:\/\/www.europesays.com\/fr\/wp-json\/wp\/v2\/comments?post=576277"}],"version-history":[{"count":0,"href":"https:\/\/www.europesays.com\/fr\/wp-json\/wp\/v2\/posts\/576277\/revisions"}],"wp:featuredmedia":[{"embeddable":true,"href":"https:\/\/www.europesays.com\/fr\/wp-json\/wp\/v2\/media\/576278"}],"wp:attachment":[{"href":"https:\/\/www.europesays.com\/fr\/wp-json\/wp\/v2\/media?parent=576277"}],"wp:term":[{"taxonomy":"category","embeddable":true,"href":"https:\/\/www.europesays.com\/fr\/wp-json\/wp\/v2\/categories?post=576277"},{"taxonomy":"post_tag","embeddable":true,"href":"https:\/\/www.europesays.com\/fr\/wp-json\/wp\/v2\/tags?post=576277"}],"curies":[{"name":"wp","href":"https:\/\/api.w.org\/{rel}","templated":true}]}}