{"id":576281,"date":"2025-12-03T22:29:13","date_gmt":"2025-12-03T22:29:13","guid":{"rendered":"https:\/\/www.europesays.com\/fr\/576281\/"},"modified":"2025-12-03T22:29:13","modified_gmt":"2025-12-03T22:29:13","slug":"un-chercheur-japonais-a-t-il-vraiment-observe-la-matiere-noire-pour-la-premiere-fois","status":"publish","type":"post","link":"https:\/\/www.europesays.com\/fr\/576281\/","title":{"rendered":"Un chercheur japonais a-t-il vraiment \u00abobserv\u00e9\u00bb la mati\u00e8re noire pour la premi\u00e8re fois\u00a0?"},"content":{"rendered":"<p>\n    <strong>D\u00c9CRYPTAGE &#8211; <\/strong>Un chercheur de l\u2019universit\u00e9 de Tokyo pense avoir trouv\u00e9 un signal gamma trahissant l\u2019annihilation de mati\u00e8re dans notre galaxie dans les donn\u00e9es du t\u00e9lescope spatial Fermi. Mais les sp\u00e9cialistes de ces analyses restent circonspects.<\/p>\n<p class=\"fig-paragraph\">La mati\u00e8re noire<a href=\"http:\/\/www.lefigaro.fr\/international\/la-matiere-noire-la-plus-grande-enigme-de-l-astrophysique-20250328\" data-fig-type=\"Article\" data-gtm-custom-categorie=\"navigation\" data-gtm-custom-action=\"crossclick\" data-gtm-custom-label=\"Contextuel\" data-gtm-event=\"customEventSPE\" data-fig-domain=\"LEFIGARO\" target=\"_blank\" rel=\"noopener\">\u00a0constitue un des plus grands myst\u00e8res de l\u2019astrophysique moderne<\/a>. Il s\u2019agit d\u2019une substance myst\u00e9rieuse qui ne se manifeste que par ses effets gravitationnels. En particulier, elle ne rayonne pas et n\u2019interagit (presque) pas avec la mati\u00e8re ordinaire. Contrairement \u00e0 ce que son nom peut laisser penser, elle serait parfaitement transparente. Cela fait environ un si\u00e8cle que les scientifiques se sont peu \u00e0 peu convaincus de son existence, \u00e0 force d\u2019observations trahissant la pr\u00e9sence d\u2019une masse \u00abcach\u00e9e\u00bb, que ce soit dans les mouvements des galaxies les unes par rapport aux autres, mais aussi du mouvement des \u00e9toiles au sein des galaxies. Les mod\u00e8les d\u2019\u00e9volution de l\u2019univers, dont elle semble constituer le squelette, estiment aujourd\u2019hui que la mati\u00e8re noire est cinq fois plus abondante que la mati\u00e8re ordinaire. Mais sa nature reste inconnue.<\/p>\n<p class=\"fig-paragraph\">L\u2019une des grandes th\u00e9ories est que cette mati\u00e8re noire serait constitu\u00e9e de particules appel\u00e9es WIMP (en anglais \u00abweakly interacting\u2026<\/p>\n<p class=\"fig-premium-paywall__infos\">\n        Cet article est r\u00e9serv\u00e9 aux abonn\u00e9s.        Il vous reste 82% \u00e0 d\u00e9couvrir.\n    <\/p>\n<p>                <img  data- alt=\"Le Figaro\" class=\"fig-img--complete fig-img\"\/><\/p>\n<p class=\"fig-premium-paywall__title\">Vous avez envie de lire la suite ?<\/p>\n<p class=\"fig-premium-paywall__subtitle\">D\u00e9bloquez tous les articles imm\u00e9diatement.<\/p>\n<p class=\"fig-premium-paywall__connect\">\n                D\u00e9j\u00e0 abonn\u00e9\u00a0?                <a class=\"fig-premium-paywall__connect-link\" href=\"https:\/\/connect.lefigaro.fr\/login?client=horizon_web&amp;type=main&amp;redirect_uri=https%3A%2F%2Fwww.lefigaro.fr%2Fsciences%2Fun-chercheur-japonais-a-t-il-vraiment-observe-la-matiere-noire-pour-la-premiere-fois-20251203\" data-js-gtm=\"{&quot;customCategorie&quot;: &quot;conversion&quot;, &quot;customAction&quot;: &quot;before_Landing_Connexion_paywall_auto&quot;, &quot;customLabel&quot;: &quot;bGVmaWdhcm8uZnJfXzFmMGNmNjI0LTE1ODktNmJiYS05ZjAyLTg3OWRkMDAxMGUwZl9fQXJ0aWNsZQ==_Un chercheur japonais a-t-il vraiment \u00abobserv\u00e9\u00bb la mati\u00e8re noire pour la premi\u00e8re fois\u00a0?_132&quot;, &quot;customIDSPE&quot;: &quot;bGVmaWdhcm8uZnJfXzFmMGNmNjI0LTE1ODktNmJiYS05ZjAyLTg3OWRkMDAxMGUwZl9fQXJ0aWNsZQ==&quot;, &quot;event&quot;: &quot;customEventSPE&quot;}\" target=\"_blank\" rel=\"noopener\"><br \/>\n                    Connectez-vous<br \/>\n                <\/a>\n            <\/p>\n","protected":false},"excerpt":{"rendered":"D\u00c9CRYPTAGE &#8211; Un chercheur de l\u2019universit\u00e9 de Tokyo pense avoir trouv\u00e9 un signal gamma trahissant l\u2019annihilation de mati\u00e8re&hellip;\n","protected":false},"author":2,"featured_media":576282,"comment_status":"","ping_status":"","sticky":false,"template":"","format":"standard","meta":{"footnotes":""},"categories":[7],"tags":[48,1011,27,43,40,41,39,42,44],"class_list":{"0":"post-576281","1":"post","2":"type-post","3":"status-publish","4":"format-standard","5":"has-post-thumbnail","7":"category-sciences-et-technologies","8":"tag-astronomie","9":"tag-fr","10":"tag-france","11":"tag-science","12":"tag-science-and-technology","13":"tag-sciences","14":"tag-sciences-et-technologies","15":"tag-technologies","16":"tag-technology"},"share_on_mastodon":{"url":"https:\/\/pubeurope.com\/@fr\/115658002613247787","error":""},"_links":{"self":[{"href":"https:\/\/www.europesays.com\/fr\/wp-json\/wp\/v2\/posts\/576281","targetHints":{"allow":["GET"]}}],"collection":[{"href":"https:\/\/www.europesays.com\/fr\/wp-json\/wp\/v2\/posts"}],"about":[{"href":"https:\/\/www.europesays.com\/fr\/wp-json\/wp\/v2\/types\/post"}],"author":[{"embeddable":true,"href":"https:\/\/www.europesays.com\/fr\/wp-json\/wp\/v2\/users\/2"}],"replies":[{"embeddable":true,"href":"https:\/\/www.europesays.com\/fr\/wp-json\/wp\/v2\/comments?post=576281"}],"version-history":[{"count":0,"href":"https:\/\/www.europesays.com\/fr\/wp-json\/wp\/v2\/posts\/576281\/revisions"}],"wp:featuredmedia":[{"embeddable":true,"href":"https:\/\/www.europesays.com\/fr\/wp-json\/wp\/v2\/media\/576282"}],"wp:attachment":[{"href":"https:\/\/www.europesays.com\/fr\/wp-json\/wp\/v2\/media?parent=576281"}],"wp:term":[{"taxonomy":"category","embeddable":true,"href":"https:\/\/www.europesays.com\/fr\/wp-json\/wp\/v2\/categories?post=576281"},{"taxonomy":"post_tag","embeddable":true,"href":"https:\/\/www.europesays.com\/fr\/wp-json\/wp\/v2\/tags?post=576281"}],"curies":[{"name":"wp","href":"https:\/\/api.w.org\/{rel}","templated":true}]}}