{"id":576285,"date":"2025-12-03T22:31:27","date_gmt":"2025-12-03T22:31:27","guid":{"rendered":"https:\/\/www.europesays.com\/fr\/576285\/"},"modified":"2025-12-03T22:31:27","modified_gmt":"2025-12-03T22:31:27","slug":"le-pretendu-faiseur-de-paix-revele-une-fois-de-plus-son-mepris-pour-lafrique-liberation","status":"publish","type":"post","link":"https:\/\/www.europesays.com\/fr\/576285\/","title":{"rendered":"le pr\u00e9tendu \u00abfaiseur de paix\u00bb r\u00e9v\u00e8le une fois de plus son m\u00e9pris pour l\u2019Afrique \u2013 Lib\u00e9ration"},"content":{"rendered":"<p class=\"sc-cPiKLX AiZTS text-element\">\u00abLe racisme c\u2019est comme une Cadillac. Chaque ann\u00e9e, on d\u00e9couvre un nouveau mod\u00e8le\u00bb, aurait d\u00e9clar\u00e9 le c\u00e9l\u00e8bre activiste noir am\u00e9ricain Malcolm X, assassin\u00e9 en 1965. Dans le cas de Donald Trump, c\u2019est plut\u00f4t le passager de cette Cadillac naus\u00e9abonde qui change, et d\u00e9sormais plusieurs fois par an.<\/p>\n<p class=\"sc-cPiKLX AiZTS text-element\">Derni\u00e8re cible de la vindicte raciste du pr\u00e9sident am\u00e9ricain : <a href=\"https:\/\/www.liberation.fr\/international\/afrique\/en-somalie-le-retour-en-force-a-bas-bruit-des-shebab-20250724_TFEHXDCRA5EZRO7ZNHMOBCW4WY\/\" target=\"_blank\" rel=\"noopener\" title=\"https:\/\/www.liberation.fr\/international\/afrique\/en-somalie-le-retour-en-force-a-bas-bruit-des-shebab-20250724_TFEHXDCRA5EZRO7ZNHMOBCW4WY\/\">la Somalie, pays d\u00e9sh\u00e9rit\u00e9, en guerre depuis trente ans<\/a>, et les Somaliens install\u00e9s aux Etats-Unis. Mardi 2 d\u00e9cembre, les voil\u00e0 soudain qualifi\u00e9s de \u00abd\u00e9chets\u00bb. Venant d\u2019un pays \u00abpourri\u00bb, o\u00f9 les gens \u00abne font que s\u2019entretuer\u00bb. Pire encore, Trump s\u2019en est pris \u00e0 Ilhan Omar, une jeune femme charismatique de 43 ans, premi\u00e8re \u00e9lue d\u2019origine somalienne \u00e0 si\u00e9ger \u00e0 la Chambre des repr\u00e9sentants. \u00abC\u2019est une ordure, ses amis sont des ordures\u00bb, a l\u00e2ch\u00e9 le pr\u00e9sident am\u00e9ricain.<\/p>\n<p class=\"sc-cPiKLX AiZTS text-element\">Mesure-t-on la violence des mots employ\u00e9s, dans un pays o\u00f9 n\u2019importe quel loup solitaire peut jouer au justicier, un flingue \u00e0 port\u00e9e de main ? Ilhan Omar a d\u2019ailleurs d\u00e9j\u00e0 re\u00e7u des menaces de mort dans un pass\u00e9 r\u00e9cent.<\/p>\n<p class=\"sc-cPiKLX AiZTS text-element\">La col\u00e8re de Trump est officiellement justifi\u00e9e par une fraude aux services sociaux r\u00e9v\u00e9l\u00e9e par l<\/p>\n","protected":false},"excerpt":{"rendered":"\u00abLe racisme c\u2019est comme une Cadillac. Chaque ann\u00e9e, on d\u00e9couvre un nouveau mod\u00e8le\u00bb, aurait d\u00e9clar\u00e9 le c\u00e9l\u00e8bre activiste&hellip;\n","protected":false},"author":2,"featured_media":576286,"comment_status":"","ping_status":"","sticky":false,"template":"","format":"standard","meta":{"footnotes":""},"categories":[5],"tags":[11,75,1011,27,14,12,5638,28],"class_list":{"0":"post-576285","1":"post","2":"type-post","3":"status-publish","4":"format-standard","5":"has-post-thumbnail","7":"category-international","8":"tag-actualites","9":"tag-donald-trump","10":"tag-fr","11":"tag-france","12":"tag-international","13":"tag-news","14":"tag-somalie","15":"tag-world"},"share_on_mastodon":{"url":"https:\/\/pubeurope.com\/@fr\/115658010523500680","error":""},"_links":{"self":[{"href":"https:\/\/www.europesays.com\/fr\/wp-json\/wp\/v2\/posts\/576285","targetHints":{"allow":["GET"]}}],"collection":[{"href":"https:\/\/www.europesays.com\/fr\/wp-json\/wp\/v2\/posts"}],"about":[{"href":"https:\/\/www.europesays.com\/fr\/wp-json\/wp\/v2\/types\/post"}],"author":[{"embeddable":true,"href":"https:\/\/www.europesays.com\/fr\/wp-json\/wp\/v2\/users\/2"}],"replies":[{"embeddable":true,"href":"https:\/\/www.europesays.com\/fr\/wp-json\/wp\/v2\/comments?post=576285"}],"version-history":[{"count":0,"href":"https:\/\/www.europesays.com\/fr\/wp-json\/wp\/v2\/posts\/576285\/revisions"}],"wp:featuredmedia":[{"embeddable":true,"href":"https:\/\/www.europesays.com\/fr\/wp-json\/wp\/v2\/media\/576286"}],"wp:attachment":[{"href":"https:\/\/www.europesays.com\/fr\/wp-json\/wp\/v2\/media?parent=576285"}],"wp:term":[{"taxonomy":"category","embeddable":true,"href":"https:\/\/www.europesays.com\/fr\/wp-json\/wp\/v2\/categories?post=576285"},{"taxonomy":"post_tag","embeddable":true,"href":"https:\/\/www.europesays.com\/fr\/wp-json\/wp\/v2\/tags?post=576285"}],"curies":[{"name":"wp","href":"https:\/\/api.w.org\/{rel}","templated":true}]}}